{"id":3170,"date":"2025-05-01T18:34:12","date_gmt":"2025-05-01T16:34:12","guid":{"rendered":"https:\/\/periodicolarepublica.com\/?p=3170"},"modified":"2025-05-01T18:34:12","modified_gmt":"2025-05-01T16:34:12","slug":"dr-victor-atallah-felicita-a-los-trabajadores-dominicanos-en-su-dia","status":"publish","type":"post","link":"https:\/\/periodicolarepublica.com\/index.php\/2025\/05\/01\/dr-victor-atallah-felicita-a-los-trabajadores-dominicanos-en-su-dia\/","title":{"rendered":"Dr. V\u00edctor Atallah, felicita a los trabajadores dominicanos en su d\u00eda"},"content":{"rendered":"<p>Santo Domingo, R.D. \u2013 Con motivo del D\u00eda Internacional del Trabajo, el Ministro de Salud P\u00fablica, Dr. V\u00edctor Atallah, expresa sus m\u00e1s sinceras felicitaciones a todos los trabajadores y trabajadoras de la Rep\u00fablica Dominicana, reconociendo su invaluable aporte al desarrollo y progreso del pa\u00eds.<\/p>\n<p>&nbsp;<\/p>\n<p>En especial, el Dr. Atallah destac\u00f3 el compromiso, la entrega y la vocaci\u00f3n de servicio de los profesionales del sector salud, muy especialmente a m\u00e9dicos, m\u00e9dicas, enfermeros y enfermeras, quienes d\u00eda a d\u00eda velan por el bienestar de la poblaci\u00f3n, muchas veces en condiciones retadoras.<\/p>\n<p>&nbsp;<\/p>\n<p>\u201cEl trabajo digno y comprometido de nuestra gente es el motor que impulsa a la naci\u00f3n. Hoy, reconozco con profundo respeto y gratitud a quienes desde la salud p\u00fablica y el sistema sanitario luchan por una Rep\u00fablica Dominicana m\u00e1s saludable, equitativa y solidaria\u201d, expres\u00f3 el ministro.<\/p>\n<p>&nbsp;<\/p>\n<p>El Ministerio de Salud P\u00fablica reitera su compromiso de seguir fortaleciendo las condiciones laborales del personal de salud y de continuar trabajando por un sistema m\u00e1s justo y humano.<img loading=\"lazy\" decoding=\"async\" class=\"size-medium wp-image-2740 alignright\" src=\"https:\/\/periodicolarepublica.com\/wp-content\/uploads\/2025\/02\/IMG-20250221-WA0170-300x200.jpg\" alt=\"\" width=\"300\" height=\"200\" srcset=\"https:\/\/periodicolarepublica.com\/wp-content\/uploads\/2025\/02\/IMG-20250221-WA0170-300x200.jpg?v=1740170051 300w, https:\/\/periodicolarepublica.com\/wp-content\/uploads\/2025\/02\/IMG-20250221-WA0170-1024x683.jpg?v=1740170051 1024w, https:\/\/periodicolarepublica.com\/wp-content\/uploads\/2025\/02\/IMG-20250221-WA0170-768x512.jpg?v=1740170051 768w, https:\/\/periodicolarepublica.com\/wp-content\/uploads\/2025\/02\/IMG-20250221-WA0170-1536x1024.jpg?v=1740170051 1536w, https:\/\/periodicolarepublica.com\/wp-content\/uploads\/2025\/02\/IMG-20250221-WA0170-2048x1365.jpg?v=1740170051 2048w, https:\/\/periodicolarepublica.com\/wp-content\/uploads\/2025\/02\/IMG-20250221-WA0170-150x100.jpg?v=1740170051 150w, https:\/\/periodicolarepublica.com\/wp-content\/uploads\/2025\/02\/IMG-20250221-WA0170-600x400.jpg?v=1740170051 600w, https:\/\/periodicolarepublica.com\/wp-content\/uploads\/2025\/02\/IMG-20250221-WA0170-696x464.jpg?v=1740170051 696w, https:\/\/periodicolarepublica.com\/wp-content\/uploads\/2025\/02\/IMG-20250221-WA0170-1392x928.jpg?v=1740170051 1392w, https:\/\/periodicolarepublica.com\/wp-content\/uploads\/2025\/02\/IMG-20250221-WA0170-1068x712.jpg?v=1740170051 1068w, https:\/\/periodicolarepublica.com\/wp-content\/uploads\/2025\/02\/IMG-20250221-WA0170-1920x1280.jpg?v=1740170051 1920w\" sizes=\"auto, (max-width: 300px) 100vw, 300px\" \/><\/p>\n","protected":false},"excerpt":{"rendered":"<p>Santo Domingo, R.D. \u2013 Con motivo del D\u00eda Internacional del Trabajo, el Ministro de Salud P\u00fablica, Dr. V\u00edctor Atallah, expresa sus m\u00e1s sinceras felicitaciones a todos los trabajadores y trabajadoras de la Rep\u00fablica Dominicana, reconociendo su invaluable aporte al desarrollo y progreso del pa\u00eds. &nbsp; En especial, el Dr. Atallah destac\u00f3 el compromiso, la entrega [&hellip;]<\/p>\n","protected":false},"author":10,"featured_media":2740,"comment_status":"open","ping_status":"open","sticky":false,"template":"","format":"standard","meta":{"om_disable_all_campaigns":false,"_monsterinsights_skip_tracking":false,"_monsterinsights_sitenote_active":false,"_monsterinsights_sitenote_note":"","_monsterinsights_sitenote_category":0,"footnotes":""},"categories":[1],"tags":[159],"class_list":{"0":"post-3170","1":"post","2":"type-post","3":"status-publish","4":"format-standard","5":"has-post-thumbnail","7":"category-nacionales","8":"tag-ministro-de-salud-publica-victor-atallah"},"aioseo_notices":[],"_links":{"self":[{"href":"https:\/\/periodicolarepublica.com\/index.php\/wp-json\/wp\/v2\/posts\/3170","targetHints":{"allow":["GET"]}}],"collection":[{"href":"https:\/\/periodicolarepublica.com\/index.php\/wp-json\/wp\/v2\/posts"}],"about":[{"href":"https:\/\/periodicolarepublica.com\/index.php\/wp-json\/wp\/v2\/types\/post"}],"author":[{"embeddable":true,"href":"https:\/\/periodicolarepublica.com\/index.php\/wp-json\/wp\/v2\/users\/10"}],"replies":[{"embeddable":true,"href":"https:\/\/periodicolarepublica.com\/index.php\/wp-json\/wp\/v2\/comments?post=3170"}],"version-history":[{"count":1,"href":"https:\/\/periodicolarepublica.com\/index.php\/wp-json\/wp\/v2\/posts\/3170\/revisions"}],"predecessor-version":[{"id":3171,"href":"https:\/\/periodicolarepublica.com\/index.php\/wp-json\/wp\/v2\/posts\/3170\/revisions\/3171"}],"wp:featuredmedia":[{"embeddable":true,"href":"https:\/\/periodicolarepublica.com\/index.php\/wp-json\/wp\/v2\/media\/2740"}],"wp:attachment":[{"href":"https:\/\/periodicolarepublica.com\/index.php\/wp-json\/wp\/v2\/media?parent=3170"}],"wp:term":[{"taxonomy":"category","embeddable":true,"href":"https:\/\/periodicolarepublica.com\/index.php\/wp-json\/wp\/v2\/categories?post=3170"},{"taxonomy":"post_tag","embeddable":true,"href":"https:\/\/periodicolarepublica.com\/index.php\/wp-json\/wp\/v2\/tags?post=3170"}],"curies":[{"name":"wp","href":"https:\/\/api.w.org\/{rel}","templated":true}]}}