{"id":3172,"date":"2025-05-01T21:33:29","date_gmt":"2025-05-01T19:33:29","guid":{"rendered":"https:\/\/periodicolarepublica.com\/?p=3172"},"modified":"2025-05-01T21:33:29","modified_gmt":"2025-05-01T19:33:29","slug":"el-ing-tomas-hernandez-alberto-presidente-del-movimiento-poder-pal-pueblo-felicita-a-la-clase-trabajadora-dominicana-en-su-dia","status":"publish","type":"post","link":"https:\/\/periodicolarepublica.com\/index.php\/2025\/05\/01\/el-ing-tomas-hernandez-alberto-presidente-del-movimiento-poder-pal-pueblo-felicita-a-la-clase-trabajadora-dominicana-en-su-dia\/","title":{"rendered":"El Ing. Tom\u00e1s Hern\u00e1ndez Alberto, presidente del movimiento Poder P\u2019AL Pueblo, felicita a la clase trabajadora dominicana en su d\u00eda"},"content":{"rendered":"<p>El Ing. Tom\u00e1s Hern\u00e1ndez Alberto durante una reciente visita a una comunidad agr\u00edcola del Cibao.<\/p>\n<p>Santo Domingo &#8211; Con motivo del D\u00eda Internacional del Trabajo, el Ingeniero Tom\u00e1s Hern\u00e1ndez Alberto, presidente del movimiento Poder P\u2019AL Pueblo, extendi\u00f3 un caluroso saludo y reconocimiento a la clase trabajadora de la Rep\u00fablica Dominicana, especialmente a los hombres y mujeres que cada d\u00eda labran la tierra y hacen vida en el campo dominicano.<\/p>\n<p>&nbsp;<\/p>\n<p>Hern\u00e1ndez Alberto resalt\u00f3 el papel fundamental que desempe\u00f1an los trabajadores del sector agropecuario, quienes con sacrificio, esfuerzo y constancia mantienen en marcha la producci\u00f3n nacional y contribuyen de manera decisiva al bienestar colectivo.<\/p>\n<p>&nbsp;<\/p>\n<p>\u201cEl desarrollo del pa\u00eds se sostiene sobre los hombros de nuestra gente trabajadora. A quienes siembran esperanza en los campos y cosechan el fruto del futuro dominicano, hoy les rendimos homenaje con gratitud y respeto\u201d, expres\u00f3 el l\u00edder del movimiento Poder P\u2019AL Pueblo.<\/p>\n<p>&nbsp;<\/p>\n<p>Asimismo, reafirm\u00f3 su compromiso de seguir promoviendo iniciativas y pol\u00edticas que dignifiquen el trabajo, mejoren las condiciones de vida de los campesinos y fortalezcan el desarrollo sostenible de las comunidades rurales.<img loading=\"lazy\" decoding=\"async\" class=\"size-medium wp-image-1804 alignright\" src=\"https:\/\/periodicolarepublica.com\/wp-content\/uploads\/2024\/10\/IMG-20240525-WA0100-300x200.jpg\" alt=\"\" width=\"300\" height=\"200\" srcset=\"https:\/\/periodicolarepublica.com\/wp-content\/uploads\/2024\/10\/IMG-20240525-WA0100-300x200.jpg?v=1727804560 300w, https:\/\/periodicolarepublica.com\/wp-content\/uploads\/2024\/10\/IMG-20240525-WA0100-1024x682.jpg?v=1727804560 1024w, https:\/\/periodicolarepublica.com\/wp-content\/uploads\/2024\/10\/IMG-20240525-WA0100-768x511.jpg?v=1727804560 768w, https:\/\/periodicolarepublica.com\/wp-content\/uploads\/2024\/10\/IMG-20240525-WA0100-150x100.jpg?v=1727804560 150w, https:\/\/periodicolarepublica.com\/wp-content\/uploads\/2024\/10\/IMG-20240525-WA0100-600x399.jpg?v=1727804560 600w, https:\/\/periodicolarepublica.com\/wp-content\/uploads\/2024\/10\/IMG-20240525-WA0100-696x463.jpg?v=1727804560 696w, https:\/\/periodicolarepublica.com\/wp-content\/uploads\/2024\/10\/IMG-20240525-WA0100-1068x711.jpg?v=1727804560 1068w, https:\/\/periodicolarepublica.com\/wp-content\/uploads\/2024\/10\/IMG-20240525-WA0100.jpg?v=1727804560 1080w\" sizes=\"auto, (max-width: 300px) 100vw, 300px\" \/><\/p>\n","protected":false},"excerpt":{"rendered":"<p>El Ing. Tom\u00e1s Hern\u00e1ndez Alberto durante una reciente visita a una comunidad agr\u00edcola del Cibao. Santo Domingo &#8211; Con motivo del D\u00eda Internacional del Trabajo, el Ingeniero Tom\u00e1s Hern\u00e1ndez Alberto, presidente del movimiento Poder P\u2019AL Pueblo, extendi\u00f3 un caluroso saludo y reconocimiento a la clase trabajadora de la Rep\u00fablica Dominicana, especialmente a los hombres y [&hellip;]<\/p>\n","protected":false},"author":10,"featured_media":1804,"comment_status":"open","ping_status":"open","sticky":false,"template":"","format":"standard","meta":{"om_disable_all_campaigns":false,"_monsterinsights_skip_tracking":false,"_monsterinsights_sitenote_active":false,"_monsterinsights_sitenote_note":"","_monsterinsights_sitenote_category":0,"footnotes":""},"categories":[1],"tags":[],"class_list":{"0":"post-3172","1":"post","2":"type-post","3":"status-publish","4":"format-standard","5":"has-post-thumbnail","7":"category-nacionales"},"aioseo_notices":[],"_links":{"self":[{"href":"https:\/\/periodicolarepublica.com\/index.php\/wp-json\/wp\/v2\/posts\/3172","targetHints":{"allow":["GET"]}}],"collection":[{"href":"https:\/\/periodicolarepublica.com\/index.php\/wp-json\/wp\/v2\/posts"}],"about":[{"href":"https:\/\/periodicolarepublica.com\/index.php\/wp-json\/wp\/v2\/types\/post"}],"author":[{"embeddable":true,"href":"https:\/\/periodicolarepublica.com\/index.php\/wp-json\/wp\/v2\/users\/10"}],"replies":[{"embeddable":true,"href":"https:\/\/periodicolarepublica.com\/index.php\/wp-json\/wp\/v2\/comments?post=3172"}],"version-history":[{"count":1,"href":"https:\/\/periodicolarepublica.com\/index.php\/wp-json\/wp\/v2\/posts\/3172\/revisions"}],"predecessor-version":[{"id":3173,"href":"https:\/\/periodicolarepublica.com\/index.php\/wp-json\/wp\/v2\/posts\/3172\/revisions\/3173"}],"wp:featuredmedia":[{"embeddable":true,"href":"https:\/\/periodicolarepublica.com\/index.php\/wp-json\/wp\/v2\/media\/1804"}],"wp:attachment":[{"href":"https:\/\/periodicolarepublica.com\/index.php\/wp-json\/wp\/v2\/media?parent=3172"}],"wp:term":[{"taxonomy":"category","embeddable":true,"href":"https:\/\/periodicolarepublica.com\/index.php\/wp-json\/wp\/v2\/categories?post=3172"},{"taxonomy":"post_tag","embeddable":true,"href":"https:\/\/periodicolarepublica.com\/index.php\/wp-json\/wp\/v2\/tags?post=3172"}],"curies":[{"name":"wp","href":"https:\/\/api.w.org\/{rel}","templated":true}]}}