{"id":3180,"date":"2025-05-02T16:07:38","date_gmt":"2025-05-02T14:07:38","guid":{"rendered":"https:\/\/periodicolarepublica.com\/?p=3180"},"modified":"2025-05-02T16:07:38","modified_gmt":"2025-05-02T14:07:38","slug":"carolina-mejia-simbolo-de-un-liderazgo-transformador-en-la-politica-dominicana","status":"publish","type":"post","link":"https:\/\/periodicolarepublica.com\/index.php\/2025\/05\/02\/carolina-mejia-simbolo-de-un-liderazgo-transformador-en-la-politica-dominicana\/","title":{"rendered":"Carolina Mej\u00eda: s\u00edmbolo de un liderazgo transformador en la pol\u00edtica dominicana"},"content":{"rendered":"<p>Carolina Mej\u00eda ha marcado un antes y un despu\u00e9s en la pol\u00edtica dominicana. Su ascenso no ha sido producto de la improvisaci\u00f3n, sino de una carrera s\u00f3lida, construida con preparaci\u00f3n acad\u00e9mica, experiencia profesional y compromiso p\u00fablico. Su figura encarna un liderazgo moderno, cercano y orientado al bienestar ciudadano, que rompe con viejos esquemas tradicionales del poder pol\u00edtico.<\/p>\n<p>&nbsp;<\/p>\n<p>Graduada de Econom\u00eda en la Pontificia Universidad Cat\u00f3lica Madre y Maestra (PUCMM), Mej\u00eda complement\u00f3 su formaci\u00f3n acad\u00e9mica en Canad\u00e1, lo que le permiti\u00f3 desarrollar una visi\u00f3n global de los desaf\u00edos econ\u00f3micos y sociales. Antes de lanzarse de lleno a la pol\u00edtica, trabaj\u00f3 en Codetel, donde lider\u00f3 las relaciones comerciales con Estados Unidos y Canad\u00e1, desempe\u00f1\u00e1ndose con eficiencia en un entorno empresarial altamente competitivo.<\/p>\n<p>&nbsp;<\/p>\n<p>Durante el mandato presidencial de su padre, Hip\u00f3lito Mej\u00eda (2000-2004), Carolina ocup\u00f3 funciones diplom\u00e1ticas y t\u00e9cnicas claves. Fue embajadora adscrita para temas comerciales y miembro suplente de la Junta Monetaria del Banco Central, demostrando su capacidad para desenvolverse en entornos de alto nivel t\u00e9cnico y estrat\u00e9gico. Su inclusi\u00f3n en el equipo negociador del DR-CAFTA consolid\u00f3 su perfil como figura clave en la proyecci\u00f3n internacional del pa\u00eds.<\/p>\n<p>&nbsp;<\/p>\n<p>El salto definitivo a la pol\u00edtica electoral lleg\u00f3 en 2016, cuando fue candidata a la Vicepresidencia por el Partido Revolucionario Moderno (PRM), acompa\u00f1ando a Luis Abinader. Aunque no resultaron electos en esa ocasi\u00f3n, su candidatura represent\u00f3 una apuesta clara por la renovaci\u00f3n y la inclusi\u00f3n femenina en espacios de poder, marcando su entrada formal al escenario pol\u00edtico nacional.<\/p>\n<p>&nbsp;<\/p>\n<p>Posteriormente, asumi\u00f3 la Secretar\u00eda General del PRM, donde jug\u00f3 un papel fundamental en la organizaci\u00f3n y expansi\u00f3n del partido, contribuyendo decisivamente a su posicionamiento como la principal fuerza pol\u00edtica del pa\u00eds. Su capacidad de articulaci\u00f3n, liderazgo institucional y enfoque en la unidad partidaria le valieron amplio reconocimiento dentro y fuera de su organizaci\u00f3n.<\/p>\n<p>&nbsp;<\/p>\n<p>En 2020, Carolina Mej\u00eda hizo historia al convertirse en la primera mujer electa como alcaldesa del Distrito Nacional. Obtuvo un contundente respaldo del electorado, alcanzando el 62% de los votos, una muestra clara de confianza en su liderazgo y propuesta de ciudad. Su triunfo no solo fue pol\u00edtico, sino tambi\u00e9n simb\u00f3lico: rompi\u00f3 techos de cristal y abri\u00f3 las puertas a nuevas generaciones de mujeres en la pol\u00edtica.<\/p>\n<p>&nbsp;<\/p>\n<p>Su gesti\u00f3n municipal se ha destacado por un enfoque moderno y humano. La recuperaci\u00f3n de espacios p\u00fablicos, el impulso a la movilidad urbana, la mejora de infraestructuras y una atenci\u00f3n prioritaria al bienestar ciudadano han sido pilares de su administraci\u00f3n. Ha demostrado que es posible gobernar con eficiencia, cercan\u00eda y transparencia.<\/p>\n<p>&nbsp;<\/p>\n<p>En 2024, fue reconocida como la alcaldesa m\u00e1s activa del mundo por la iniciativa World Wellness Weekend. Este galard\u00f3n internacional resalta su compromiso con la creaci\u00f3n de una ciudad m\u00e1s sana, segura y humana. No es casualidad que su estilo de gesti\u00f3n est\u00e9 siendo observado como referente en otras capitales latinoamericanas.<\/p>\n<p>&nbsp;<\/p>\n<p>Carolina Mej\u00eda representa una nueva generaci\u00f3n de l\u00edderes pol\u00edticos. Su estilo de liderazgo es emp\u00e1tico, t\u00e9cnico y orientado a resultados. No se limita a administrar, sino que proyecta una visi\u00f3n clara de desarrollo sostenible para las ciudades, combinando modernizaci\u00f3n con inclusi\u00f3n social.<\/p>\n<p>&nbsp;<\/p>\n<p>En definitiva, Carolina Mej\u00eda ha demostrado que el cambio pol\u00edtico no solo se logra con discursos, sino con acciones concretas, gesti\u00f3n efectiva y vocaci\u00f3n de servicio. Su trayectoria inspira y su liderazgo marca un camino claro hacia una democracia m\u00e1s equitativa, participativa y centrada en el ciudadano.<img loading=\"lazy\" decoding=\"async\" class=\"size-medium wp-image-2977 alignright\" src=\"https:\/\/periodicolarepublica.com\/wp-content\/uploads\/2025\/04\/IMG_20250406_145217-300x235.jpg\" alt=\"\" width=\"300\" height=\"235\" srcset=\"https:\/\/periodicolarepublica.com\/wp-content\/uploads\/2025\/04\/IMG_20250406_145217-300x235.jpg?v=1743965657 300w, https:\/\/periodicolarepublica.com\/wp-content\/uploads\/2025\/04\/IMG_20250406_145217-768x603.jpg?v=1743965657 768w, https:\/\/periodicolarepublica.com\/wp-content\/uploads\/2025\/04\/IMG_20250406_145217-150x118.jpg?v=1743965657 150w, https:\/\/periodicolarepublica.com\/wp-content\/uploads\/2025\/04\/IMG_20250406_145217-600x471.jpg?v=1743965657 600w, https:\/\/periodicolarepublica.com\/wp-content\/uploads\/2025\/04\/IMG_20250406_145217-696x546.jpg?v=1743965657 696w, https:\/\/periodicolarepublica.com\/wp-content\/uploads\/2025\/04\/IMG_20250406_145217.jpg?v=1743965657 772w\" sizes=\"auto, (max-width: 300px) 100vw, 300px\" \/><\/p>\n","protected":false},"excerpt":{"rendered":"<p>Carolina Mej\u00eda ha marcado un antes y un despu\u00e9s en la pol\u00edtica dominicana. Su ascenso no ha sido producto de la improvisaci\u00f3n, sino de una carrera s\u00f3lida, construida con preparaci\u00f3n acad\u00e9mica, experiencia profesional y compromiso p\u00fablico. Su figura encarna un liderazgo moderno, cercano y orientado al bienestar ciudadano, que rompe con viejos esquemas tradicionales del [&hellip;]<\/p>\n","protected":false},"author":10,"featured_media":2977,"comment_status":"open","ping_status":"open","sticky":false,"template":"","format":"standard","meta":{"om_disable_all_campaigns":false,"_monsterinsights_skip_tracking":false,"_monsterinsights_sitenote_active":false,"_monsterinsights_sitenote_note":"","_monsterinsights_sitenote_category":0,"footnotes":""},"categories":[1],"tags":[],"class_list":{"0":"post-3180","1":"post","2":"type-post","3":"status-publish","4":"format-standard","5":"has-post-thumbnail","7":"category-nacionales"},"aioseo_notices":[],"_links":{"self":[{"href":"https:\/\/periodicolarepublica.com\/index.php\/wp-json\/wp\/v2\/posts\/3180","targetHints":{"allow":["GET"]}}],"collection":[{"href":"https:\/\/periodicolarepublica.com\/index.php\/wp-json\/wp\/v2\/posts"}],"about":[{"href":"https:\/\/periodicolarepublica.com\/index.php\/wp-json\/wp\/v2\/types\/post"}],"author":[{"embeddable":true,"href":"https:\/\/periodicolarepublica.com\/index.php\/wp-json\/wp\/v2\/users\/10"}],"replies":[{"embeddable":true,"href":"https:\/\/periodicolarepublica.com\/index.php\/wp-json\/wp\/v2\/comments?post=3180"}],"version-history":[{"count":1,"href":"https:\/\/periodicolarepublica.com\/index.php\/wp-json\/wp\/v2\/posts\/3180\/revisions"}],"predecessor-version":[{"id":3181,"href":"https:\/\/periodicolarepublica.com\/index.php\/wp-json\/wp\/v2\/posts\/3180\/revisions\/3181"}],"wp:featuredmedia":[{"embeddable":true,"href":"https:\/\/periodicolarepublica.com\/index.php\/wp-json\/wp\/v2\/media\/2977"}],"wp:attachment":[{"href":"https:\/\/periodicolarepublica.com\/index.php\/wp-json\/wp\/v2\/media?parent=3180"}],"wp:term":[{"taxonomy":"category","embeddable":true,"href":"https:\/\/periodicolarepublica.com\/index.php\/wp-json\/wp\/v2\/categories?post=3180"},{"taxonomy":"post_tag","embeddable":true,"href":"https:\/\/periodicolarepublica.com\/index.php\/wp-json\/wp\/v2\/tags?post=3180"}],"curies":[{"name":"wp","href":"https:\/\/api.w.org\/{rel}","templated":true}]}}