{"id":3182,"date":"2025-05-04T03:00:49","date_gmt":"2025-05-04T01:00:49","guid":{"rendered":"https:\/\/periodicolarepublica.com\/?p=3182"},"modified":"2025-05-04T03:00:49","modified_gmt":"2025-05-04T01:00:49","slug":"carolina-mejia-activa-el-comite-de-prevencion-mitigacion-y-respuesta-ante-alerta-amarilla-por-vaguada","status":"publish","type":"post","link":"https:\/\/periodicolarepublica.com\/index.php\/2025\/05\/04\/carolina-mejia-activa-el-comite-de-prevencion-mitigacion-y-respuesta-ante-alerta-amarilla-por-vaguada\/","title":{"rendered":"Carolina Mej\u00eda activa el Comit\u00e9 de Prevenci\u00f3n, Mitigaci\u00f3n y Respuesta ante alerta amarilla por vaguada"},"content":{"rendered":"<p>&nbsp;<\/p>\n<p>La medida busca coordinar acciones inmediatas ante situaciones que provoquen las lluvias<\/p>\n<p>Santo Domingo, DN &#8211; La alcaldesa Carolina Mej\u00eda activ\u00f3 y mantiene en sesi\u00f3n permanente el Comit\u00e9 de Prevenci\u00f3n Respuesta ante Desastres del Distrito Nacional, debido a las lluvias pronosticadas por la presencia de una vaguada en varios puntos del pa\u00eds.<\/p>\n<p>&nbsp;<\/p>\n<p>La medida tomada por la ejecutiva municipal busca proporcionar una respuesta inmediata ante cualquier situaci\u00f3n que pueda surgir debido a las fuertes lluvias que han impactado al Distrito Nacional en las \u00faltimas horas.<\/p>\n<p>&nbsp;<\/p>\n<p>Mej\u00eda manifest\u00f3 que el objetivo de mantener activado en sesi\u00f3n permanente al comit\u00e9, con todas las instituciones que lo conforman, es coordinar las acciones necesarias para salvaguardar la seguridad y el bienestar de los residentes en la capital.<\/p>\n<p>&nbsp;<\/p>\n<p>Las brigadas del cabildo, que incluyen personal, equipos, camiones succionadores y otros veh\u00edculos se encuentran actuando en los puntos cr\u00edticos identificados para mitigar los efectos de las lluvias. Esto en adici\u00f3n a los acostumbrados trabajos de limpieza de filtrantes e imbornales que realiza la Alcald\u00eda del Distrito Nacional.<\/p>\n<p>Debido a una vaguada, el Centro de Operaciones de Emergencias (COE) coloc\u00f3 a 19 provincias y al Distrito Nacional bajo alerta. El Instituto Dominicano de Meteorolog\u00eda mostr\u00f3 im\u00e1genes satelitales en las que se aprecia un gran desarrollo nuboso que est\u00e1 produciendo aguaceros de moderados a fuertes con r\u00e1fagas de viento y posibles granizadas.<\/p>\n<p>La Alcald\u00eda del Distrito Nacional insta a los dominicanos a mantenerse atentos a las informaciones servidas en los canales oficiales.<\/p>\n<p style=\"text-align: left;\"><img loading=\"lazy\" decoding=\"async\" class=\"alignnone size-medium wp-image-2012\" src=\"https:\/\/periodicolarepublica.com\/wp-content\/uploads\/2024\/11\/IMG-20241104-WA0015-300x200.jpg\" alt=\"\" width=\"300\" height=\"200\" srcset=\"https:\/\/periodicolarepublica.com\/wp-content\/uploads\/2024\/11\/IMG-20241104-WA0015-300x200.jpg?v=1730750355 300w, https:\/\/periodicolarepublica.com\/wp-content\/uploads\/2024\/11\/IMG-20241104-WA0015-1024x682.jpg?v=1730750355 1024w, https:\/\/periodicolarepublica.com\/wp-content\/uploads\/2024\/11\/IMG-20241104-WA0015-768x512.jpg?v=1730750355 768w, https:\/\/periodicolarepublica.com\/wp-content\/uploads\/2024\/11\/IMG-20241104-WA0015-1536x1023.jpg?v=1730750355 1536w, https:\/\/periodicolarepublica.com\/wp-content\/uploads\/2024\/11\/IMG-20241104-WA0015-150x100.jpg?v=1730750355 150w, https:\/\/periodicolarepublica.com\/wp-content\/uploads\/2024\/11\/IMG-20241104-WA0015-600x400.jpg?v=1730750355 600w, https:\/\/periodicolarepublica.com\/wp-content\/uploads\/2024\/11\/IMG-20241104-WA0015-696x464.jpg?v=1730750355 696w, https:\/\/periodicolarepublica.com\/wp-content\/uploads\/2024\/11\/IMG-20241104-WA0015-1392x927.jpg?v=1730750355 1392w, https:\/\/periodicolarepublica.com\/wp-content\/uploads\/2024\/11\/IMG-20241104-WA0015-1068x712.jpg?v=1730750355 1068w, https:\/\/periodicolarepublica.com\/wp-content\/uploads\/2024\/11\/IMG-20241104-WA0015.jpg?v=1730750355 1600w\" sizes=\"auto, (max-width: 300px) 100vw, 300px\" \/><\/p>\n","protected":false},"excerpt":{"rendered":"<p>&nbsp; La medida busca coordinar acciones inmediatas ante situaciones que provoquen las lluvias Santo Domingo, DN &#8211; La alcaldesa Carolina Mej\u00eda activ\u00f3 y mantiene en sesi\u00f3n permanente el Comit\u00e9 de Prevenci\u00f3n Respuesta ante Desastres del Distrito Nacional, debido a las lluvias pronosticadas por la presencia de una vaguada en varios puntos del pa\u00eds. &nbsp; La [&hellip;]<\/p>\n","protected":false},"author":6,"featured_media":2012,"comment_status":"open","ping_status":"open","sticky":false,"template":"","format":"standard","meta":{"om_disable_all_campaigns":false,"_monsterinsights_skip_tracking":false,"_monsterinsights_sitenote_active":true,"_monsterinsights_sitenote_note":"Published: Carolina Mej\u00eda activa el Comit\u00e9 de Prevenci\u00f3n, Mitigaci\u00f3n y Respuesta ante alerta amarilla por vaguada","_monsterinsights_sitenote_category":3,"footnotes":""},"categories":[1],"tags":[],"class_list":{"0":"post-3182","1":"post","2":"type-post","3":"status-publish","4":"format-standard","5":"has-post-thumbnail","7":"category-nacionales"},"aioseo_notices":[],"_links":{"self":[{"href":"https:\/\/periodicolarepublica.com\/index.php\/wp-json\/wp\/v2\/posts\/3182","targetHints":{"allow":["GET"]}}],"collection":[{"href":"https:\/\/periodicolarepublica.com\/index.php\/wp-json\/wp\/v2\/posts"}],"about":[{"href":"https:\/\/periodicolarepublica.com\/index.php\/wp-json\/wp\/v2\/types\/post"}],"author":[{"embeddable":true,"href":"https:\/\/periodicolarepublica.com\/index.php\/wp-json\/wp\/v2\/users\/6"}],"replies":[{"embeddable":true,"href":"https:\/\/periodicolarepublica.com\/index.php\/wp-json\/wp\/v2\/comments?post=3182"}],"version-history":[{"count":1,"href":"https:\/\/periodicolarepublica.com\/index.php\/wp-json\/wp\/v2\/posts\/3182\/revisions"}],"predecessor-version":[{"id":3183,"href":"https:\/\/periodicolarepublica.com\/index.php\/wp-json\/wp\/v2\/posts\/3182\/revisions\/3183"}],"wp:featuredmedia":[{"embeddable":true,"href":"https:\/\/periodicolarepublica.com\/index.php\/wp-json\/wp\/v2\/media\/2012"}],"wp:attachment":[{"href":"https:\/\/periodicolarepublica.com\/index.php\/wp-json\/wp\/v2\/media?parent=3182"}],"wp:term":[{"taxonomy":"category","embeddable":true,"href":"https:\/\/periodicolarepublica.com\/index.php\/wp-json\/wp\/v2\/categories?post=3182"},{"taxonomy":"post_tag","embeddable":true,"href":"https:\/\/periodicolarepublica.com\/index.php\/wp-json\/wp\/v2\/tags?post=3182"}],"curies":[{"name":"wp","href":"https:\/\/api.w.org\/{rel}","templated":true}]}}