{"id":3193,"date":"2025-05-06T19:45:27","date_gmt":"2025-05-06T17:45:27","guid":{"rendered":"https:\/\/periodicolarepublica.com\/?p=3193"},"modified":"2025-05-06T19:45:27","modified_gmt":"2025-05-06T17:45:27","slug":"rey-de-espana-abinader-y-carolina-mejia-inauguran-monumento-a-la-paz-y-la-libertad-en-malecon-de-sd","status":"publish","type":"post","link":"https:\/\/periodicolarepublica.com\/index.php\/2025\/05\/06\/rey-de-espana-abinader-y-carolina-mejia-inauguran-monumento-a-la-paz-y-la-libertad-en-malecon-de-sd\/","title":{"rendered":"Rey de Espa\u00f1a, Abinader y Carolina Mej\u00eda inauguran monumento a la paz y la libertad en Malec\u00f3n de SD"},"content":{"rendered":"<p>Santo Domingo, DN &#8211; El rey de Espa\u00f1a, Felipe VI, el presidente Luis Abinader y la alcaldesa Carolina Mej\u00eda inauguraron el monumento Flame, una escultura dedicada a la paz y la libertad ubicada en el kil\u00f3metro siete y medio del Malec\u00f3n de Santo Domingo.<\/p>\n<p>El monumento consagra a Santo Domingo como capital del derecho a nivel mundial, un reconocimiento que destaca los avances de Rep\u00fablica Dominicana en materia de Estado de Derecho, a prop\u00f3sito de la celebraci\u00f3n del Congreso Mundial del Derecho del que fue sede.<\/p>\n<p>La escultura, por el artista Carlos Albert, representa el premio Rainer Arnold Award, creado por la World Jurist Association (WJA) y la World Law Foundation para reconocer la excelencia en la investigaci\u00f3n constitucional en el \u00e1mbito jur\u00eddico.<\/p>\n<p>El monarca espa\u00f1ol se encuentra en suelo dominicano para participar en la clausura del Congreso Mundial del Derecho, as\u00ed como otras actividades de car\u00e1cter oficial.<\/p>\n<p>Al participar en el Congreso Mundial del Derecho celebrado en Santo Domingo, la alcaldesa del Distrito Nacional dijo que es una gran satisfacci\u00f3n y reconocimiento que la ciudad haya sido seleccionada como sede de tan magno evento.<\/p>\n<p>\u201cLa justicia y la legalidad son los pilares sobre los cuales estamos construyendo y seguiremos construyendo una sociedad m\u00e1s equitativa, segura y pr\u00f3spera para todos los dominicanos\u201d, sostuvo Carolina Mej\u00eda durante su disertaci\u00f3n.<\/p>\n<p>El Congreso Mundial de Derecho aglutina a m\u00e1s de 300 panelistas de m\u00e1s de 70 pa\u00edses en la capital dominicana, iniciando el pasado s\u00e1bado y concluyendo este martes.<\/p>\n<p>&nbsp;<\/p>\n<p><img loading=\"lazy\" decoding=\"async\" class=\"alignnone size-medium wp-image-3194\" src=\"https:\/\/periodicolarepublica.com\/wp-content\/uploads\/2025\/05\/IMG_20250506_134147-300x264.jpg\" alt=\"\" width=\"300\" height=\"264\" srcset=\"https:\/\/periodicolarepublica.com\/wp-content\/uploads\/2025\/05\/IMG_20250506_134147-300x264.jpg 300w, https:\/\/periodicolarepublica.com\/wp-content\/uploads\/2025\/05\/IMG_20250506_134147-1024x901.jpg 1024w, https:\/\/periodicolarepublica.com\/wp-content\/uploads\/2025\/05\/IMG_20250506_134147-768x675.jpg 768w, https:\/\/periodicolarepublica.com\/wp-content\/uploads\/2025\/05\/IMG_20250506_134147-1536x1351.jpg 1536w, https:\/\/periodicolarepublica.com\/wp-content\/uploads\/2025\/05\/IMG_20250506_134147-2048x1801.jpg 2048w, https:\/\/periodicolarepublica.com\/wp-content\/uploads\/2025\/05\/IMG_20250506_134147-150x132.jpg 150w, https:\/\/periodicolarepublica.com\/wp-content\/uploads\/2025\/05\/IMG_20250506_134147-600x528.jpg 600w, https:\/\/periodicolarepublica.com\/wp-content\/uploads\/2025\/05\/IMG_20250506_134147-696x612.jpg 696w, https:\/\/periodicolarepublica.com\/wp-content\/uploads\/2025\/05\/IMG_20250506_134147-1392x1224.jpg 1392w, https:\/\/periodicolarepublica.com\/wp-content\/uploads\/2025\/05\/IMG_20250506_134147-1068x939.jpg 1068w, https:\/\/periodicolarepublica.com\/wp-content\/uploads\/2025\/05\/IMG_20250506_134147-1920x1689.jpg 1920w\" sizes=\"auto, (max-width: 300px) 100vw, 300px\" \/><\/p>\n","protected":false},"excerpt":{"rendered":"<p>Santo Domingo, DN &#8211; El rey de Espa\u00f1a, Felipe VI, el presidente Luis Abinader y la alcaldesa Carolina Mej\u00eda inauguraron el monumento Flame, una escultura dedicada a la paz y la libertad ubicada en el kil\u00f3metro siete y medio del Malec\u00f3n de Santo Domingo. El monumento consagra a Santo Domingo como capital del derecho a [&hellip;]<\/p>\n","protected":false},"author":6,"featured_media":3194,"comment_status":"open","ping_status":"open","sticky":false,"template":"","format":"standard","meta":{"om_disable_all_campaigns":false,"_monsterinsights_skip_tracking":false,"_monsterinsights_sitenote_active":false,"_monsterinsights_sitenote_note":"","_monsterinsights_sitenote_category":0,"footnotes":""},"categories":[1],"tags":[],"class_list":{"0":"post-3193","1":"post","2":"type-post","3":"status-publish","4":"format-standard","5":"has-post-thumbnail","7":"category-nacionales"},"aioseo_notices":[],"_links":{"self":[{"href":"https:\/\/periodicolarepublica.com\/index.php\/wp-json\/wp\/v2\/posts\/3193","targetHints":{"allow":["GET"]}}],"collection":[{"href":"https:\/\/periodicolarepublica.com\/index.php\/wp-json\/wp\/v2\/posts"}],"about":[{"href":"https:\/\/periodicolarepublica.com\/index.php\/wp-json\/wp\/v2\/types\/post"}],"author":[{"embeddable":true,"href":"https:\/\/periodicolarepublica.com\/index.php\/wp-json\/wp\/v2\/users\/6"}],"replies":[{"embeddable":true,"href":"https:\/\/periodicolarepublica.com\/index.php\/wp-json\/wp\/v2\/comments?post=3193"}],"version-history":[{"count":1,"href":"https:\/\/periodicolarepublica.com\/index.php\/wp-json\/wp\/v2\/posts\/3193\/revisions"}],"predecessor-version":[{"id":3195,"href":"https:\/\/periodicolarepublica.com\/index.php\/wp-json\/wp\/v2\/posts\/3193\/revisions\/3195"}],"wp:featuredmedia":[{"embeddable":true,"href":"https:\/\/periodicolarepublica.com\/index.php\/wp-json\/wp\/v2\/media\/3194"}],"wp:attachment":[{"href":"https:\/\/periodicolarepublica.com\/index.php\/wp-json\/wp\/v2\/media?parent=3193"}],"wp:term":[{"taxonomy":"category","embeddable":true,"href":"https:\/\/periodicolarepublica.com\/index.php\/wp-json\/wp\/v2\/categories?post=3193"},{"taxonomy":"post_tag","embeddable":true,"href":"https:\/\/periodicolarepublica.com\/index.php\/wp-json\/wp\/v2\/tags?post=3193"}],"curies":[{"name":"wp","href":"https:\/\/api.w.org\/{rel}","templated":true}]}}