{"id":3196,"date":"2025-05-06T20:16:09","date_gmt":"2025-05-06T18:16:09","guid":{"rendered":"https:\/\/periodicolarepublica.com\/?p=3196"},"modified":"2025-05-06T20:16:09","modified_gmt":"2025-05-06T18:16:09","slug":"codessd-respalda-propuesta-de-que-dialogo-migratorio-se-lleve-a-cabo-en-ces","status":"publish","type":"post","link":"https:\/\/periodicolarepublica.com\/index.php\/2025\/05\/06\/codessd-respalda-propuesta-de-que-dialogo-migratorio-se-lleve-a-cabo-en-ces\/","title":{"rendered":"CODESSD respalda propuesta de que di\u00e1logo migratorio se lleve a cabo en CES"},"content":{"rendered":"<p>Santo Domingo.- El Consejo de Desarrollo Econ\u00f3mico y Social de Santo Domingo (CODESSD), expres\u00f3 este martes su respaldo a la propuesta de que el di\u00e1logo nacional sobre el tema migratorio se realice en el marco del Consejo Econ\u00f3mico y Social (CES), por considerar que este es el espacio m\u00e1s id\u00f3neo para propiciar un debate plural, estructurado y orientado a la construcci\u00f3n de consensos.<\/p>\n<p>&nbsp;<\/p>\n<p>CODESSD valor\u00f3 que el CES, como \u00f3rgano consultivo creado por mandato constitucional, tiene la capacidad de reunir a los distintos sectores de la sociedad \u2014gobierno, sector empresarial, organizaciones sociales, sindicales, acad\u00e9micas y comunitarias\u2014 en un mismo escenario de di\u00e1logo democr\u00e1tico y participativo.<\/p>\n<p>&nbsp;<\/p>\n<p>\u201cCreemos firmemente que el CES representa una plataforma institucional leg\u00edtima y confiable, con experiencia en la mediaci\u00f3n de procesos de concertaci\u00f3n nacional, como qued\u00f3 demostrado durante el Di\u00e1logo por las Reformas impulsado en a\u00f1os recientes\u201d, afirm\u00f3 el presidente de CODESSD, Samuel Sena.<\/p>\n<p>&nbsp;<\/p>\n<p>La organizaci\u00f3n subray\u00f3 que el fen\u00f3meno migratorio tiene profundas implicaciones sociales, econ\u00f3micas, laborales y de seguridad, por lo que amerita un abordaje multisectorial y t\u00e9cnicamente fundamentado. \u201cNo se trata solo de un tema de pol\u00edticas p\u00fablicas, sino de un desaf\u00edo nacional que afecta a todos los sectores y requiere soluciones colectivas, responsables y sostenibles\u201d, a\u00f1adi\u00f3 Sena.<\/p>\n<p><img loading=\"lazy\" decoding=\"async\" class=\"alignnone size-full wp-image-3197\" src=\"https:\/\/periodicolarepublica.com\/wp-content\/uploads\/2025\/05\/images-5.jpeg\" alt=\"\" width=\"225\" height=\"225\" srcset=\"https:\/\/periodicolarepublica.com\/wp-content\/uploads\/2025\/05\/images-5.jpeg 225w, https:\/\/periodicolarepublica.com\/wp-content\/uploads\/2025\/05\/images-5-150x150.jpeg 150w\" sizes=\"auto, (max-width: 225px) 100vw, 225px\" \/><\/p>\n","protected":false},"excerpt":{"rendered":"<p>Santo Domingo.- El Consejo de Desarrollo Econ\u00f3mico y Social de Santo Domingo (CODESSD), expres\u00f3 este martes su respaldo a la propuesta de que el di\u00e1logo nacional sobre el tema migratorio se realice en el marco del Consejo Econ\u00f3mico y Social (CES), por considerar que este es el espacio m\u00e1s id\u00f3neo para propiciar un debate plural, [&hellip;]<\/p>\n","protected":false},"author":6,"featured_media":3197,"comment_status":"open","ping_status":"open","sticky":false,"template":"","format":"standard","meta":{"om_disable_all_campaigns":false,"_monsterinsights_skip_tracking":false,"_monsterinsights_sitenote_active":false,"_monsterinsights_sitenote_note":"","_monsterinsights_sitenote_category":0,"footnotes":""},"categories":[1],"tags":[],"class_list":{"0":"post-3196","1":"post","2":"type-post","3":"status-publish","4":"format-standard","5":"has-post-thumbnail","7":"category-nacionales"},"aioseo_notices":[],"_links":{"self":[{"href":"https:\/\/periodicolarepublica.com\/index.php\/wp-json\/wp\/v2\/posts\/3196","targetHints":{"allow":["GET"]}}],"collection":[{"href":"https:\/\/periodicolarepublica.com\/index.php\/wp-json\/wp\/v2\/posts"}],"about":[{"href":"https:\/\/periodicolarepublica.com\/index.php\/wp-json\/wp\/v2\/types\/post"}],"author":[{"embeddable":true,"href":"https:\/\/periodicolarepublica.com\/index.php\/wp-json\/wp\/v2\/users\/6"}],"replies":[{"embeddable":true,"href":"https:\/\/periodicolarepublica.com\/index.php\/wp-json\/wp\/v2\/comments?post=3196"}],"version-history":[{"count":1,"href":"https:\/\/periodicolarepublica.com\/index.php\/wp-json\/wp\/v2\/posts\/3196\/revisions"}],"predecessor-version":[{"id":3198,"href":"https:\/\/periodicolarepublica.com\/index.php\/wp-json\/wp\/v2\/posts\/3196\/revisions\/3198"}],"wp:featuredmedia":[{"embeddable":true,"href":"https:\/\/periodicolarepublica.com\/index.php\/wp-json\/wp\/v2\/media\/3197"}],"wp:attachment":[{"href":"https:\/\/periodicolarepublica.com\/index.php\/wp-json\/wp\/v2\/media?parent=3196"}],"wp:term":[{"taxonomy":"category","embeddable":true,"href":"https:\/\/periodicolarepublica.com\/index.php\/wp-json\/wp\/v2\/categories?post=3196"},{"taxonomy":"post_tag","embeddable":true,"href":"https:\/\/periodicolarepublica.com\/index.php\/wp-json\/wp\/v2\/tags?post=3196"}],"curies":[{"name":"wp","href":"https:\/\/api.w.org\/{rel}","templated":true}]}}