{"id":3199,"date":"2025-05-07T00:33:30","date_gmt":"2025-05-06T22:33:30","guid":{"rendered":"https:\/\/periodicolarepublica.com\/?p=3199"},"modified":"2025-05-07T00:33:30","modified_gmt":"2025-05-06T22:33:30","slug":"edeeste-refuerza-trabajos-de-readecuacion-y-alumbrado-en-sector-romana-del-oeste","status":"publish","type":"post","link":"https:\/\/periodicolarepublica.com\/index.php\/2025\/05\/07\/edeeste-refuerza-trabajos-de-readecuacion-y-alumbrado-en-sector-romana-del-oeste\/","title":{"rendered":"EDEESTE refuerza trabajos de readecuaci\u00f3n y alumbrado en sector Romana del Oeste."},"content":{"rendered":"<blockquote><p>Los trabajos se embarcan adem\u00e1s en el marco de inauguraci\u00f3n de la universidad UNIROMANA.<\/p>\n<p>&nbsp;<\/p>\n<p>En respuesta a las necesidades energ\u00e9ticas del sector Romana del Oeste, y en apoyo al desarrollo educativo de la regi\u00f3n, la Empresa Distribuidora de Electricidad del Este (EDEESTE) realiz\u00f3 importantes trabajos de mejora en el sistema de alumbrado p\u00fablico, como parte del fortalecimiento de la infraestructura el\u00e9ctrica en la comunidad, en v\u00edsperas de la inauguraci\u00f3n de la universidad UNIROMANA.<\/p>\n<p>&nbsp;<\/p>\n<p>Las labores incluyeron la instalaci\u00f3n de 10 postes de concreto, la colocaci\u00f3n de 500 metros de conductor tr\u00edplex, as\u00ed como la normalizaci\u00f3n de 350 metros de l\u00edneas trif\u00e1sica y construcci\u00f3n de 500 metros de esta. Tambi\u00e9n se instal\u00f3 un transformador tipo poste y se colocaron 29 luminarias de 250 watts, lo que representa una mejora significativa en la iluminaci\u00f3n y seguridad de la zona. El proyecto tambi\u00e9n abarc\u00f3 la instalaci\u00f3n de diversas estructuras MT y BT.<\/p>\n<p>&nbsp;<\/p>\n<p>Durante el acto de supervisi\u00f3n de los trabajos, tanto C\u00e9sar Francisco, presidente de la junta de vecinos de la comunidad, as\u00ed como el alcalde de la comunidad, Eduardo Kery Metivier, expresaron su agradecimiento a las autoridades de la empresa por atender el llamado de la comunidad. \u201cEste alumbrado no solo a\u00f1ade un plus para la seguridad del sector, sino que tambi\u00e9n representa un impulso importante por la llegada de la nueva universidad UNIROMANA y todos los proyectos que est\u00e1n en marcha en nuestra zona\u201d, destacaron.<\/p>\n<p>&nbsp;<\/p>\n<p>EDEESTE reafirma su compromiso con el desarrollo integral de las comunidades a las que sirve, promoviendo iniciativas que mejoren la calidad de vida de sus residentes y acompa\u00f1en el crecimiento urbano y educativo del pa\u00eds. Asimismo, la empresa impulsa activamente la erradicaci\u00f3n del fraude el\u00e9ctrico, las conexiones ilegales y fomenta el uso racional y eficiente de la energ\u00eda, en favor de un sistema el\u00e9ctrico m\u00e1s seguro y sostenible.<img loading=\"lazy\" decoding=\"async\" class=\"size-medium wp-image-3200 alignright\" src=\"https:\/\/periodicolarepublica.com\/wp-content\/uploads\/2025\/05\/IMG-20250506-WA0548-300x200.jpg\" alt=\"\" width=\"300\" height=\"200\" \/><\/p><\/blockquote>\n","protected":false},"excerpt":{"rendered":"<p>Los trabajos se embarcan adem\u00e1s en el marco de inauguraci\u00f3n de la universidad UNIROMANA. &nbsp; En respuesta a las necesidades energ\u00e9ticas del sector Romana del Oeste, y en apoyo al desarrollo educativo de la regi\u00f3n, la Empresa Distribuidora de Electricidad del Este (EDEESTE) realiz\u00f3 importantes trabajos de mejora en el sistema de alumbrado p\u00fablico, como [&hellip;]<\/p>\n","protected":false},"author":10,"featured_media":0,"comment_status":"open","ping_status":"open","sticky":false,"template":"","format":"standard","meta":{"om_disable_all_campaigns":false,"_monsterinsights_skip_tracking":false,"_monsterinsights_sitenote_active":false,"_monsterinsights_sitenote_note":"","_monsterinsights_sitenote_category":0,"footnotes":""},"categories":[1],"tags":[],"class_list":{"0":"post-3199","1":"post","2":"type-post","3":"status-publish","4":"format-standard","6":"category-nacionales"},"aioseo_notices":[],"_links":{"self":[{"href":"https:\/\/periodicolarepublica.com\/index.php\/wp-json\/wp\/v2\/posts\/3199","targetHints":{"allow":["GET"]}}],"collection":[{"href":"https:\/\/periodicolarepublica.com\/index.php\/wp-json\/wp\/v2\/posts"}],"about":[{"href":"https:\/\/periodicolarepublica.com\/index.php\/wp-json\/wp\/v2\/types\/post"}],"author":[{"embeddable":true,"href":"https:\/\/periodicolarepublica.com\/index.php\/wp-json\/wp\/v2\/users\/10"}],"replies":[{"embeddable":true,"href":"https:\/\/periodicolarepublica.com\/index.php\/wp-json\/wp\/v2\/comments?post=3199"}],"version-history":[{"count":1,"href":"https:\/\/periodicolarepublica.com\/index.php\/wp-json\/wp\/v2\/posts\/3199\/revisions"}],"predecessor-version":[{"id":3201,"href":"https:\/\/periodicolarepublica.com\/index.php\/wp-json\/wp\/v2\/posts\/3199\/revisions\/3201"}],"wp:attachment":[{"href":"https:\/\/periodicolarepublica.com\/index.php\/wp-json\/wp\/v2\/media?parent=3199"}],"wp:term":[{"taxonomy":"category","embeddable":true,"href":"https:\/\/periodicolarepublica.com\/index.php\/wp-json\/wp\/v2\/categories?post=3199"},{"taxonomy":"post_tag","embeddable":true,"href":"https:\/\/periodicolarepublica.com\/index.php\/wp-json\/wp\/v2\/tags?post=3199"}],"curies":[{"name":"wp","href":"https:\/\/api.w.org\/{rel}","templated":true}]}}