{"id":3202,"date":"2025-05-07T00:41:34","date_gmt":"2025-05-06T22:41:34","guid":{"rendered":"https:\/\/periodicolarepublica.com\/?p=3202"},"modified":"2025-05-07T00:41:34","modified_gmt":"2025-05-06T22:41:34","slug":"fucimdres-advierte-proyecto-de-ley-libertad-de-expresion-afecta-a-medios-digitales-dice-no-fueron-consultados","status":"publish","type":"post","link":"https:\/\/periodicolarepublica.com\/index.php\/2025\/05\/07\/fucimdres-advierte-proyecto-de-ley-libertad-de-expresion-afecta-a-medios-digitales-dice-no-fueron-consultados\/","title":{"rendered":"FUCIMDRES advierte proyecto de Ley Libertad de Expresi\u00f3n afecta a medios digitales; dice no fueron consultados"},"content":{"rendered":"<p>Santo Domingo.- La Fundaci\u00f3n de Medios Digitales y Redes Sociales (FUCIMDRES) advierte que el proyecto de ley que regular\u00eda la libertad de expresi\u00f3n y los medios digitales sometido por el Poder Ejecutivo al Congreso Nacional, afectar\u00eda a los medios digitales y todas las plataformas de contenidos.<\/p>\n<p>&nbsp;<\/p>\n<p>Kelvin Fa\u00f1a, presidente de FUCIMDRES, se\u00f1al\u00f3 que un proyecto de ley como ese, deben de ser escuchados a los que tienen medios digitales y creadores de contenidos, ya que ser\u00e1n regulado por el Estado a trav\u00e9s de Instituto Nacional de Comunicaci\u00f3n (Inacom).<\/p>\n<p>&nbsp;<\/p>\n<p>\u201cLe faltan elementos importantes a ese proyecto de ley sobre libertad de expresi\u00f3n y los medios digitales, se debe abrir un debate entre todos los sectores, pero muy especialmente, lo que tienen medios digitales y los creadores de contenidos\u201d, dice Fa\u00f1a mediante un comunicado de nota.<\/p>\n<p>&nbsp;<\/p>\n<p>Adem\u00e1s, la entidad no gubernamental advierte de las sanciones que establece el proyecto de ley sin criterios ni definiciones de contendido.<\/p>\n<p>&nbsp;<\/p>\n<p>Adem\u00e1s, FUCIMDRES es de opini\u00f3n que el Estado debi\u00f3 incluir gremios de medios digitales e hizo un llamado a los legisladores a escuchar a todos los sectores.<img loading=\"lazy\" decoding=\"async\" class=\"size-medium wp-image-3203 alignright\" src=\"https:\/\/periodicolarepublica.com\/wp-content\/uploads\/2025\/05\/IMG-20250506-WA0552-300x202.jpg\" alt=\"\" width=\"300\" height=\"202\" \/><\/p>\n","protected":false},"excerpt":{"rendered":"<p>Santo Domingo.- La Fundaci\u00f3n de Medios Digitales y Redes Sociales (FUCIMDRES) advierte que el proyecto de ley que regular\u00eda la libertad de expresi\u00f3n y los medios digitales sometido por el Poder Ejecutivo al Congreso Nacional, afectar\u00eda a los medios digitales y todas las plataformas de contenidos. &nbsp; Kelvin Fa\u00f1a, presidente de FUCIMDRES, se\u00f1al\u00f3 que un [&hellip;]<\/p>\n","protected":false},"author":10,"featured_media":0,"comment_status":"open","ping_status":"open","sticky":false,"template":"","format":"standard","meta":{"om_disable_all_campaigns":false,"_monsterinsights_skip_tracking":false,"_monsterinsights_sitenote_active":false,"_monsterinsights_sitenote_note":"","_monsterinsights_sitenote_category":0,"footnotes":""},"categories":[1],"tags":[],"class_list":{"0":"post-3202","1":"post","2":"type-post","3":"status-publish","4":"format-standard","6":"category-nacionales"},"aioseo_notices":[],"_links":{"self":[{"href":"https:\/\/periodicolarepublica.com\/index.php\/wp-json\/wp\/v2\/posts\/3202","targetHints":{"allow":["GET"]}}],"collection":[{"href":"https:\/\/periodicolarepublica.com\/index.php\/wp-json\/wp\/v2\/posts"}],"about":[{"href":"https:\/\/periodicolarepublica.com\/index.php\/wp-json\/wp\/v2\/types\/post"}],"author":[{"embeddable":true,"href":"https:\/\/periodicolarepublica.com\/index.php\/wp-json\/wp\/v2\/users\/10"}],"replies":[{"embeddable":true,"href":"https:\/\/periodicolarepublica.com\/index.php\/wp-json\/wp\/v2\/comments?post=3202"}],"version-history":[{"count":1,"href":"https:\/\/periodicolarepublica.com\/index.php\/wp-json\/wp\/v2\/posts\/3202\/revisions"}],"predecessor-version":[{"id":3204,"href":"https:\/\/periodicolarepublica.com\/index.php\/wp-json\/wp\/v2\/posts\/3202\/revisions\/3204"}],"wp:attachment":[{"href":"https:\/\/periodicolarepublica.com\/index.php\/wp-json\/wp\/v2\/media?parent=3202"}],"wp:term":[{"taxonomy":"category","embeddable":true,"href":"https:\/\/periodicolarepublica.com\/index.php\/wp-json\/wp\/v2\/categories?post=3202"},{"taxonomy":"post_tag","embeddable":true,"href":"https:\/\/periodicolarepublica.com\/index.php\/wp-json\/wp\/v2\/tags?post=3202"}],"curies":[{"name":"wp","href":"https:\/\/api.w.org\/{rel}","templated":true}]}}