{"id":3205,"date":"2025-05-07T00:56:36","date_gmt":"2025-05-06T22:56:36","guid":{"rendered":"https:\/\/periodicolarepublica.com\/?p=3205"},"modified":"2025-05-07T00:56:36","modified_gmt":"2025-05-06T22:56:36","slug":"miguel-camacho-condena-se-esten-produciendo-cancelaciones-de-perremeistas-en-diversas-instituciones-publicas","status":"publish","type":"post","link":"https:\/\/periodicolarepublica.com\/index.php\/2025\/05\/07\/miguel-camacho-condena-se-esten-produciendo-cancelaciones-de-perremeistas-en-diversas-instituciones-publicas\/","title":{"rendered":"Miguel Camacho condena se est\u00e9n produciendo \u201ccancelaciones de perreme\u00edstas\u201d en diversas instituciones p\u00fablicas"},"content":{"rendered":"<p>Santo Domingo.- Miguel Camacho, presidente del movimiento Avanzada Democr\u00e1tica Moderna, lament\u00f3 este martes que se est\u00e9n produciendo cancelaciones de dirigentes perreme\u00edstas en diversas instituciones p\u00fablicas \u201csin importar que esos fueron los protagonistas de la creaci\u00f3n del PRM\u201d.<\/p>\n<p>En ese mismo orden, se\u00f1al\u00f3 que la relaci\u00f3n del Gobierno y el Partido Revolucionario Moderno (PRM) \u201csiempre es posible mejorarla\u201d, partiendo de que todos tengan como objetivo \u201cayudar al presidente Abinader\u201d.<\/p>\n<p>\u201cLa relaci\u00f3n Gobierno y partido siempre es posible mejorarla. Por eso siempre insisto en que hay que ayudar al presidente. Se han producido cancelaciones en algunos ministerios y oficinas p\u00fablicas donde ha habido cambios de direcci\u00f3n e inclusive se ha dejado gente fuera que fueron los protagonistas en la creaci\u00f3n del PRM. Cuando nadie cre\u00eda en el proyecto pol\u00edtico PRM hubo gente que se tir\u00f3 ese proyecto encima y en esas cancelaciones hay gente de esas\u201d, refiri\u00f3 Camacho.<\/p>\n<p>El veterano dirigente pol\u00edtico aprovech\u00f3 para llamar a los funcionarios que son designados en las posiciones p\u00fablicas para que \u201ccuiden a los compa\u00f1eros\u201d y, detengan las cancelaciones sin justificaciones.<\/p>\n<p>\u201cHacemos un llamado ferviente para que en cada una de las instituciones se pueda tomar muy en serio la necesidad de que se cuide a los compa\u00f1eros, eso de estar removiendo los compa\u00f1eros sin ning\u00fan tipo de raz\u00f3n, simple y llanamente porque hubo un cambio de administraci\u00f3n en una instituci\u00f3n del Estado es muy delicado\u201d, refiri\u00f3.<\/p>\n<p>\u201c(\u2026) Eso de estar cancelando compa\u00f1eros no importa la instituci\u00f3n que sea es delicado y no ayuda al Gobierno y mucho menos ayuda al Presidente de la Rep\u00fablica\u201d, concluy\u00f3 Miguel Camacho.<img loading=\"lazy\" decoding=\"async\" class=\"size-medium wp-image-3206 alignright\" src=\"https:\/\/periodicolarepublica.com\/wp-content\/uploads\/2025\/05\/IMG-20250506-WA0561-300x259.jpg\" alt=\"\" width=\"300\" height=\"259\" \/><\/p>\n","protected":false},"excerpt":{"rendered":"<p>Santo Domingo.- Miguel Camacho, presidente del movimiento Avanzada Democr\u00e1tica Moderna, lament\u00f3 este martes que se est\u00e9n produciendo cancelaciones de dirigentes perreme\u00edstas en diversas instituciones p\u00fablicas \u201csin importar que esos fueron los protagonistas de la creaci\u00f3n del PRM\u201d. En ese mismo orden, se\u00f1al\u00f3 que la relaci\u00f3n del Gobierno y el Partido Revolucionario Moderno (PRM) \u201csiempre es [&hellip;]<\/p>\n","protected":false},"author":10,"featured_media":0,"comment_status":"open","ping_status":"open","sticky":false,"template":"","format":"standard","meta":{"om_disable_all_campaigns":false,"_monsterinsights_skip_tracking":false,"_monsterinsights_sitenote_active":false,"_monsterinsights_sitenote_note":"","_monsterinsights_sitenote_category":0,"footnotes":""},"categories":[1],"tags":[],"class_list":{"0":"post-3205","1":"post","2":"type-post","3":"status-publish","4":"format-standard","6":"category-nacionales"},"aioseo_notices":[],"_links":{"self":[{"href":"https:\/\/periodicolarepublica.com\/index.php\/wp-json\/wp\/v2\/posts\/3205","targetHints":{"allow":["GET"]}}],"collection":[{"href":"https:\/\/periodicolarepublica.com\/index.php\/wp-json\/wp\/v2\/posts"}],"about":[{"href":"https:\/\/periodicolarepublica.com\/index.php\/wp-json\/wp\/v2\/types\/post"}],"author":[{"embeddable":true,"href":"https:\/\/periodicolarepublica.com\/index.php\/wp-json\/wp\/v2\/users\/10"}],"replies":[{"embeddable":true,"href":"https:\/\/periodicolarepublica.com\/index.php\/wp-json\/wp\/v2\/comments?post=3205"}],"version-history":[{"count":1,"href":"https:\/\/periodicolarepublica.com\/index.php\/wp-json\/wp\/v2\/posts\/3205\/revisions"}],"predecessor-version":[{"id":3207,"href":"https:\/\/periodicolarepublica.com\/index.php\/wp-json\/wp\/v2\/posts\/3205\/revisions\/3207"}],"wp:attachment":[{"href":"https:\/\/periodicolarepublica.com\/index.php\/wp-json\/wp\/v2\/media?parent=3205"}],"wp:term":[{"taxonomy":"category","embeddable":true,"href":"https:\/\/periodicolarepublica.com\/index.php\/wp-json\/wp\/v2\/categories?post=3205"},{"taxonomy":"post_tag","embeddable":true,"href":"https:\/\/periodicolarepublica.com\/index.php\/wp-json\/wp\/v2\/tags?post=3205"}],"curies":[{"name":"wp","href":"https:\/\/api.w.org\/{rel}","templated":true}]}}