{"id":3208,"date":"2025-05-07T01:06:11","date_gmt":"2025-05-06T23:06:11","guid":{"rendered":"https:\/\/periodicolarepublica.com\/?p=3208"},"modified":"2025-05-07T01:06:11","modified_gmt":"2025-05-06T23:06:11","slug":"presidente-del-concejo-de-regidores-de-sdo-anuncia-sesiones-abiertas-en-las-comunidades-y-proyecto-de-casa-del-comunicador","status":"publish","type":"post","link":"https:\/\/periodicolarepublica.com\/index.php\/2025\/05\/07\/presidente-del-concejo-de-regidores-de-sdo-anuncia-sesiones-abiertas-en-las-comunidades-y-proyecto-de-casa-del-comunicador\/","title":{"rendered":"Presidente del Concejo de Regidores de SDO anuncia sesiones abiertas en las comunidades y proyecto de Casa del Comunicador"},"content":{"rendered":"<p>Santo Domingo Oeste, R.D. \u2013 El presidente del Concejo de Regidores de la Alcald\u00eda Santo Domingo Oeste, licenciado Joan Herrera, present\u00f3 este martes parte de las acciones que caracterizaran su gesti\u00f3n, sustentada en la transparencia, la participaci\u00f3n comunitaria y el impulso de proyectos que beneficien directamente a la poblaci\u00f3n del municipio.<\/p>\n<p>&nbsp;<\/p>\n<p>Durante un almuerzo con periodistas y comunicadores locales, Herrera inform\u00f3 que algunas sesiones del Concejo de Regidores se llevar\u00e1n a cabo directamente en los sectores del municipio. Estas vistas ser\u00e1n abiertas permitiendo que los comunitarios puedan presenciar y participar en el proceso legislativo municipal, promoviendo la cercan\u00eda entre los regidores y la ciudadan\u00eda.<\/p>\n<p>&nbsp;<\/p>\n<p>En ese mismo escenario, el presidente del Concejo anunci\u00f3 la creaci\u00f3n de un gestor que permita identificar un espacio para la futura construcci\u00f3n de la Casa del Comunicador, en reconocimiento a la gran cantidad y calidad de medios de comunicaci\u00f3n existentes en Santo Domingo Oeste. Este proyecto ser\u00e1 articulado en conjunto con la filial del Sindicato Nacional de Trabajadores de la Prensa (SNTP), que asumir\u00eda la presidencia de dicha iniciativa.<\/p>\n<p>&nbsp;<\/p>\n<p>\u00abQueremos ser un puente de soluciones y de informaciones p\u00fablicas emanadas desde el cabildo, yo soy un gestor al servicio de ustedes, de hecho estamos construyendo un plan de gesti\u00f3n de riesgo por ser un municipio vulnerable, esto lo hemos vivido en carne propia desde la Defensa Civil\u00bb, expres\u00f3 Herrera, reafirmando su compromiso con la rendici\u00f3n de cuentas y la participaci\u00f3n ciudadana.<\/p>\n<p>&nbsp;<\/p>\n<p>Asimismo, inform\u00f3 que impulsar\u00e1 la construcci\u00f3n de un Museo del Deporte Municipal, en honor al legado de los atletas y dirigentes de la demarcaci\u00f3n que han llevado en alto el nombre del municipio a nivel nacional e internacional.<\/p>\n<p>&nbsp;<\/p>\n<p>El presidente del Concejo de Regidores aprovech\u00f3 la ocasi\u00f3n para agradecer p\u00fablicamente a su mentora, la doctora Ana Luisa Lora, a quien defini\u00f3 como un pilar de motivaci\u00f3n humana, profesional y pol\u00edtica, as\u00ed como un ejemplo de superaci\u00f3n para la sociedad.<\/p>\n<p>&nbsp;<\/p>\n<p>Acompa\u00f1aron al licenciado Joan Herrera en el acto, la vicepresidenta del Concejo, regidora Virginia Jaquez; el regidor Eddy L\u00f3pez (Maclem); el presidente de la Liga de Baloncesto de Santo Domingo Oeste (Libasado), Agust\u00edn Matos; el asesor en comunicaci\u00f3n Jeduar Reyes; el secretario general del SNTP filial SDO, Francisco Marte, entre otras personalidades.<\/p>\n<p>&nbsp;<\/p>\n<p>Por primera vez, el Concejo de Regidores realiza una convocatoria formal a la prensa del municipio en su conjunto, con el objetivo de dialogar sobre temas de inter\u00e9s municipal y abrir las puertas de la Sala Capitular a la sociedad. Con esta acci\u00f3n, Joan Herrera marca el inicio de una gesti\u00f3n distinta, abierta y comprometida con los valores democr\u00e1ticos.<img loading=\"lazy\" decoding=\"async\" class=\"size-medium wp-image-3209 alignright\" src=\"https:\/\/periodicolarepublica.com\/wp-content\/uploads\/2025\/05\/IMG-20250506-WA0563-300x169.jpg\" alt=\"\" width=\"300\" height=\"169\" \/><\/p>\n","protected":false},"excerpt":{"rendered":"<p>Santo Domingo Oeste, R.D. \u2013 El presidente del Concejo de Regidores de la Alcald\u00eda Santo Domingo Oeste, licenciado Joan Herrera, present\u00f3 este martes parte de las acciones que caracterizaran su gesti\u00f3n, sustentada en la transparencia, la participaci\u00f3n comunitaria y el impulso de proyectos que beneficien directamente a la poblaci\u00f3n del municipio. &nbsp; Durante un almuerzo [&hellip;]<\/p>\n","protected":false},"author":10,"featured_media":0,"comment_status":"open","ping_status":"open","sticky":false,"template":"","format":"standard","meta":{"om_disable_all_campaigns":false,"_monsterinsights_skip_tracking":false,"_monsterinsights_sitenote_active":false,"_monsterinsights_sitenote_note":"","_monsterinsights_sitenote_category":0,"footnotes":""},"categories":[1],"tags":[],"class_list":{"0":"post-3208","1":"post","2":"type-post","3":"status-publish","4":"format-standard","6":"category-nacionales"},"aioseo_notices":[],"_links":{"self":[{"href":"https:\/\/periodicolarepublica.com\/index.php\/wp-json\/wp\/v2\/posts\/3208","targetHints":{"allow":["GET"]}}],"collection":[{"href":"https:\/\/periodicolarepublica.com\/index.php\/wp-json\/wp\/v2\/posts"}],"about":[{"href":"https:\/\/periodicolarepublica.com\/index.php\/wp-json\/wp\/v2\/types\/post"}],"author":[{"embeddable":true,"href":"https:\/\/periodicolarepublica.com\/index.php\/wp-json\/wp\/v2\/users\/10"}],"replies":[{"embeddable":true,"href":"https:\/\/periodicolarepublica.com\/index.php\/wp-json\/wp\/v2\/comments?post=3208"}],"version-history":[{"count":1,"href":"https:\/\/periodicolarepublica.com\/index.php\/wp-json\/wp\/v2\/posts\/3208\/revisions"}],"predecessor-version":[{"id":3210,"href":"https:\/\/periodicolarepublica.com\/index.php\/wp-json\/wp\/v2\/posts\/3208\/revisions\/3210"}],"wp:attachment":[{"href":"https:\/\/periodicolarepublica.com\/index.php\/wp-json\/wp\/v2\/media?parent=3208"}],"wp:term":[{"taxonomy":"category","embeddable":true,"href":"https:\/\/periodicolarepublica.com\/index.php\/wp-json\/wp\/v2\/categories?post=3208"},{"taxonomy":"post_tag","embeddable":true,"href":"https:\/\/periodicolarepublica.com\/index.php\/wp-json\/wp\/v2\/tags?post=3208"}],"curies":[{"name":"wp","href":"https:\/\/api.w.org\/{rel}","templated":true}]}}