{"id":321,"date":"2024-01-09T16:11:43","date_gmt":"2024-01-09T15:11:43","guid":{"rendered":"https:\/\/periodicolarepublica.com\/?p=321"},"modified":"2024-01-09T20:14:33","modified_gmt":"2024-01-09T19:14:33","slug":"cabo-rojo-el-nuevo-puerto-destino-de-turismo-dominicano","status":"publish","type":"post","link":"https:\/\/periodicolarepublica.com\/index.php\/2024\/01\/09\/cabo-rojo-el-nuevo-puerto-destino-de-turismo-dominicano\/","title":{"rendered":"Cabo Rojo el Nuevo Puerto destino de Turismo Dominicano"},"content":{"rendered":"<p><span lang=\"ES-DO\"><img loading=\"lazy\" decoding=\"async\" class=\"alignnone size-medium wp-image-322\" src=\"https:\/\/periodicolarepublica.com\/wp-content\/uploads\/2024\/01\/Picsart_24-01-09_11-07-26-839-300x169.png\" alt=\"\" width=\"300\" height=\"169\" srcset=\"https:\/\/periodicolarepublica.com\/wp-content\/uploads\/2024\/01\/Picsart_24-01-09_11-07-26-839-300x169.png?v=1715379838 300w, https:\/\/periodicolarepublica.com\/wp-content\/uploads\/2024\/01\/Picsart_24-01-09_11-07-26-839-1024x576.png?v=1715379838 1024w, https:\/\/periodicolarepublica.com\/wp-content\/uploads\/2024\/01\/Picsart_24-01-09_11-07-26-839-768x432.png?v=1715379838 768w, https:\/\/periodicolarepublica.com\/wp-content\/uploads\/2024\/01\/Picsart_24-01-09_11-07-26-839-1536x864.png?v=1715379838 1536w, https:\/\/periodicolarepublica.com\/wp-content\/uploads\/2024\/01\/Picsart_24-01-09_11-07-26-839-2048x1152.png?v=1715379838 2048w, https:\/\/periodicolarepublica.com\/wp-content\/uploads\/2024\/01\/Picsart_24-01-09_11-07-26-839-150x84.png?v=1715379838 150w, https:\/\/periodicolarepublica.com\/wp-content\/uploads\/2024\/01\/Picsart_24-01-09_11-07-26-839-600x338.png?v=1715379838 600w, https:\/\/periodicolarepublica.com\/wp-content\/uploads\/2024\/01\/Picsart_24-01-09_11-07-26-839-696x392.png?v=1715379838 696w, https:\/\/periodicolarepublica.com\/wp-content\/uploads\/2024\/01\/Picsart_24-01-09_11-07-26-839-1392x783.png?v=1715379838 1392w, https:\/\/periodicolarepublica.com\/wp-content\/uploads\/2024\/01\/Picsart_24-01-09_11-07-26-839-1068x601.png?v=1715379838 1068w, https:\/\/periodicolarepublica.com\/wp-content\/uploads\/2024\/01\/Picsart_24-01-09_11-07-26-839-1920x1080.png?v=1715379838 1920w\" sizes=\"auto, (max-width: 300px) 100vw, 300px\" \/>.\u00a0 \u00a0 \u00a0 <img loading=\"lazy\" decoding=\"async\" class=\"alignnone size-medium wp-image-335\" src=\"https:\/\/periodicolarepublica.com\/wp-content\/uploads\/2024\/01\/IMG_20240109_150317-300x178.jpg\" alt=\"\" width=\"300\" height=\"178\" srcset=\"https:\/\/periodicolarepublica.com\/wp-content\/uploads\/2024\/01\/IMG_20240109_150317-300x178.jpg?v=1715379830 300w, https:\/\/periodicolarepublica.com\/wp-content\/uploads\/2024\/01\/IMG_20240109_150317-1024x609.jpg?v=1715379830 1024w, https:\/\/periodicolarepublica.com\/wp-content\/uploads\/2024\/01\/IMG_20240109_150317-768x457.jpg?v=1715379830 768w, https:\/\/periodicolarepublica.com\/wp-content\/uploads\/2024\/01\/IMG_20240109_150317-150x89.jpg?v=1715379830 150w, https:\/\/periodicolarepublica.com\/wp-content\/uploads\/2024\/01\/IMG_20240109_150317-600x357.jpg?v=1715379830 600w, https:\/\/periodicolarepublica.com\/wp-content\/uploads\/2024\/01\/IMG_20240109_150317-696x414.jpg?v=1715379830 696w, https:\/\/periodicolarepublica.com\/wp-content\/uploads\/2024\/01\/IMG_20240109_150317-1068x635.jpg?v=1715379830 1068w, https:\/\/periodicolarepublica.com\/wp-content\/uploads\/2024\/01\/IMG_20240109_150317.jpg?v=1715379830 1080w\" sizes=\"auto, (max-width: 300px) 100vw, 300px\" \/> <\/span><\/p>\n<p><span lang=\"ES-DO\">El esperado puerto en Cabo Rojo, de la provincia de Pedernales, se perfila como la nueva y gran esperanza del turismo en el Sur, con la llegada de cruceros que alli se esperan, iniciando con la llegada del primer barco con m\u00e1s de tres mil pasajeros a bordo, siendo un hito para toda la zona. Con una gu\u00eda ecotur\u00edstica de pedernales, que ya anda en circulaci\u00f3n, los turistas dominicanos que visitan la zona podr\u00e1n disfrutar mas de los atractivos al llegar al puerto Cabo Rojo.\u00a0 <\/span><\/p>\n<p><span lang=\"ES-DO\">El Ministerio de Turismo estara impulsando las acciones de llegada de mas cruceros, conjuntamente con las demas autoridades y el Grupo ITM como la empresa a cargo de la construcci\u00f3n de dicho puerto.\u00a0<\/span><\/p>\n<p>El primer crucero en llegar al nuevo puerto, por el presidente de la Rep\u00fablica Dominicana Luis Abinader, el ministro de Turismo, David Collado acompa\u00f1ado de Jean Luis Rodriguez, director de APORDOM junto a otras personalidades.<\/p>\n","protected":false},"excerpt":{"rendered":"<p>.\u00a0 \u00a0 \u00a0 El esperado puerto en Cabo Rojo, de la provincia de Pedernales, se perfila como la nueva y gran esperanza del turismo en el Sur, con la llegada de cruceros que alli se esperan, iniciando con la llegada del primer barco con m\u00e1s de tres mil pasajeros a bordo, siendo un hito para [&hellip;]<\/p>\n","protected":false},"author":1,"featured_media":322,"comment_status":"open","ping_status":"open","sticky":false,"template":"","format":"standard","meta":{"om_disable_all_campaigns":false,"_monsterinsights_skip_tracking":false,"_monsterinsights_sitenote_active":false,"_monsterinsights_sitenote_note":"","_monsterinsights_sitenote_category":0,"footnotes":""},"categories":[1],"tags":[72,73,30,74,22],"class_list":{"0":"post-321","1":"post","2":"type-post","3":"status-publish","4":"format-standard","5":"has-post-thumbnail","7":"category-nacionales","8":"tag-cabo-rojo","9":"tag-cruceros","10":"tag-david-collado","11":"tag-pedernales","12":"tag-turismo"},"aioseo_notices":[],"_links":{"self":[{"href":"https:\/\/periodicolarepublica.com\/index.php\/wp-json\/wp\/v2\/posts\/321","targetHints":{"allow":["GET"]}}],"collection":[{"href":"https:\/\/periodicolarepublica.com\/index.php\/wp-json\/wp\/v2\/posts"}],"about":[{"href":"https:\/\/periodicolarepublica.com\/index.php\/wp-json\/wp\/v2\/types\/post"}],"author":[{"embeddable":true,"href":"https:\/\/periodicolarepublica.com\/index.php\/wp-json\/wp\/v2\/users\/1"}],"replies":[{"embeddable":true,"href":"https:\/\/periodicolarepublica.com\/index.php\/wp-json\/wp\/v2\/comments?post=321"}],"version-history":[{"count":6,"href":"https:\/\/periodicolarepublica.com\/index.php\/wp-json\/wp\/v2\/posts\/321\/revisions"}],"predecessor-version":[{"id":336,"href":"https:\/\/periodicolarepublica.com\/index.php\/wp-json\/wp\/v2\/posts\/321\/revisions\/336"}],"wp:featuredmedia":[{"embeddable":true,"href":"https:\/\/periodicolarepublica.com\/index.php\/wp-json\/wp\/v2\/media\/322"}],"wp:attachment":[{"href":"https:\/\/periodicolarepublica.com\/index.php\/wp-json\/wp\/v2\/media?parent=321"}],"wp:term":[{"taxonomy":"category","embeddable":true,"href":"https:\/\/periodicolarepublica.com\/index.php\/wp-json\/wp\/v2\/categories?post=321"},{"taxonomy":"post_tag","embeddable":true,"href":"https:\/\/periodicolarepublica.com\/index.php\/wp-json\/wp\/v2\/tags?post=321"}],"curies":[{"name":"wp","href":"https:\/\/api.w.org\/{rel}","templated":true}]}}