{"id":3211,"date":"2025-05-07T01:40:01","date_gmt":"2025-05-06T23:40:01","guid":{"rendered":"https:\/\/periodicolarepublica.com\/?p=3211"},"modified":"2025-05-07T01:40:01","modified_gmt":"2025-05-06T23:40:01","slug":"tomas-hernandez-alberto-elogia-liderazgo-del-presidente-abinader-por-convocar-a-expresidentes-en-defensa-de-la-soberania-nacional","status":"publish","type":"post","link":"https:\/\/periodicolarepublica.com\/index.php\/2025\/05\/07\/tomas-hernandez-alberto-elogia-liderazgo-del-presidente-abinader-por-convocar-a-expresidentes-en-defensa-de-la-soberania-nacional\/","title":{"rendered":"Tom\u00e1s Hern\u00e1ndez Alberto elogia liderazgo del presidente Abinader por convocar a expresidentes en defensa de la soberan\u00eda nacional"},"content":{"rendered":"<p>Santo Domingo, R.D. \u2013 El ingeniero Tom\u00e1s Hern\u00e1ndez Alberto ofreci\u00f3 declaraciones a la prensa este martes, tras su participaci\u00f3n en un programa radial, donde expres\u00f3 su respaldo a la reciente reuni\u00f3n encabezada por el presidente Luis Abinader junto a los expresidentes Hip\u00f3lito Mej\u00eda, Danilo Medina y Leonel Fern\u00e1ndez.<\/p>\n<p>&nbsp;<\/p>\n<p>Hern\u00e1ndez Alberto calific\u00f3 el encuentro como una \u201cdemostraci\u00f3n de madurez pol\u00edtica, humildad y visi\u00f3n de Estado\u201d, al considerar que el presidente Abinader ha actuado con sabidur\u00eda al convocar a las principales figuras del liderazgo nacional para tratar temas de alta sensibilidad, como la situaci\u00f3n migratoria.<\/p>\n<p>&nbsp;<\/p>\n<p>\u201cEl presidente Abinader demuestra que es un l\u00edder lleno de sabidur\u00eda y compromiso. Solo un presidente con desprendimiento y grandeza pol\u00edtica puede convocar a sus antecesores en un espacio de respeto y concertaci\u00f3n\u201d, afirm\u00f3 el ingeniero.<\/p>\n<p>&nbsp;<\/p>\n<p>Durante su intervenci\u00f3n ante los medios, Hern\u00e1ndez Alberto resalt\u00f3 la firme postura del Gobierno frente al tema migratorio, se\u00f1alando que \u201cnunca antes un presidente dominicano se hab\u00eda preocupado tanto por defender la soberan\u00eda nacional con acciones concretas\u201d.<\/p>\n<p>&nbsp;<\/p>\n<p>El ingeniero subray\u00f3 que las medidas migratorias actuales est\u00e1n teniendo efectos visibles y positivos, lo que evidencia, seg\u00fan dijo, un liderazgo que prioriza el bienestar y la seguridad del pueblo dominicano.<\/p>\n<p>&nbsp;<\/p>\n<p>Asimismo, hizo un llamado a los distintos sectores sociales y pol\u00edticos del pa\u00eds a respaldar estas acciones: \u201cEsto va m\u00e1s all\u00e1 de los partidos. Se trata de la defensa del pa\u00eds, y todos debemos estar del lado de las decisiones que fortalecen nuestra institucionalidad y soberan\u00eda\u201d.<\/p>\n<p>&nbsp;<\/p>\n<p>Hern\u00e1ndez Alberto tambi\u00e9n valor\u00f3 el gesto de di\u00e1logo como un ejemplo de democracia s\u00f3lida y gobernabilidad: \u201cReunir a los expresidentes en torno a un tema com\u00fan es un acto que fortalece la democracia y eleva la calidad del debate nacional\u201d.<\/p>\n<p>&nbsp;<\/p>\n<p>Finalmente, concluy\u00f3 reafirmando su respeto por el liderazgo del presidente Abinader, a quien calific\u00f3 como \u201cun estadista comprometido con el pa\u00eds y con una visi\u00f3n clara para proteger los intereses de la naci\u00f3n\u201d.<img loading=\"lazy\" decoding=\"async\" class=\"size-medium wp-image-3212 alignright\" src=\"https:\/\/periodicolarepublica.com\/wp-content\/uploads\/2025\/05\/SaveClip.App_409022663_959576185777924_4056385895536019021_n-300x300.jpg\" alt=\"\" width=\"300\" height=\"300\" srcset=\"https:\/\/periodicolarepublica.com\/wp-content\/uploads\/2025\/05\/SaveClip.App_409022663_959576185777924_4056385895536019021_n-300x300.jpg?v=1746574792 300w, https:\/\/periodicolarepublica.com\/wp-content\/uploads\/2025\/05\/SaveClip.App_409022663_959576185777924_4056385895536019021_n-1024x1024.jpg?v=1746574792 1024w, https:\/\/periodicolarepublica.com\/wp-content\/uploads\/2025\/05\/SaveClip.App_409022663_959576185777924_4056385895536019021_n-150x150.jpg?v=1746574792 150w, https:\/\/periodicolarepublica.com\/wp-content\/uploads\/2025\/05\/SaveClip.App_409022663_959576185777924_4056385895536019021_n-768x768.jpg?v=1746574792 768w, https:\/\/periodicolarepublica.com\/wp-content\/uploads\/2025\/05\/SaveClip.App_409022663_959576185777924_4056385895536019021_n-600x600.jpg?v=1746574792 600w, https:\/\/periodicolarepublica.com\/wp-content\/uploads\/2025\/05\/SaveClip.App_409022663_959576185777924_4056385895536019021_n-696x696.jpg?v=1746574792 696w, https:\/\/periodicolarepublica.com\/wp-content\/uploads\/2025\/05\/SaveClip.App_409022663_959576185777924_4056385895536019021_n-1068x1068.jpg?v=1746574792 1068w, https:\/\/periodicolarepublica.com\/wp-content\/uploads\/2025\/05\/SaveClip.App_409022663_959576185777924_4056385895536019021_n.jpg?v=1746574792 1080w\" sizes=\"auto, (max-width: 300px) 100vw, 300px\" \/><\/p>\n","protected":false},"excerpt":{"rendered":"<p>Santo Domingo, R.D. \u2013 El ingeniero Tom\u00e1s Hern\u00e1ndez Alberto ofreci\u00f3 declaraciones a la prensa este martes, tras su participaci\u00f3n en un programa radial, donde expres\u00f3 su respaldo a la reciente reuni\u00f3n encabezada por el presidente Luis Abinader junto a los expresidentes Hip\u00f3lito Mej\u00eda, Danilo Medina y Leonel Fern\u00e1ndez. &nbsp; Hern\u00e1ndez Alberto calific\u00f3 el encuentro como [&hellip;]<\/p>\n","protected":false},"author":10,"featured_media":3212,"comment_status":"open","ping_status":"open","sticky":false,"template":"","format":"standard","meta":{"om_disable_all_campaigns":false,"_monsterinsights_skip_tracking":false,"_monsterinsights_sitenote_active":false,"_monsterinsights_sitenote_note":"","_monsterinsights_sitenote_category":0,"footnotes":""},"categories":[1],"tags":[],"class_list":{"0":"post-3211","1":"post","2":"type-post","3":"status-publish","4":"format-standard","5":"has-post-thumbnail","7":"category-nacionales"},"aioseo_notices":[],"_links":{"self":[{"href":"https:\/\/periodicolarepublica.com\/index.php\/wp-json\/wp\/v2\/posts\/3211","targetHints":{"allow":["GET"]}}],"collection":[{"href":"https:\/\/periodicolarepublica.com\/index.php\/wp-json\/wp\/v2\/posts"}],"about":[{"href":"https:\/\/periodicolarepublica.com\/index.php\/wp-json\/wp\/v2\/types\/post"}],"author":[{"embeddable":true,"href":"https:\/\/periodicolarepublica.com\/index.php\/wp-json\/wp\/v2\/users\/10"}],"replies":[{"embeddable":true,"href":"https:\/\/periodicolarepublica.com\/index.php\/wp-json\/wp\/v2\/comments?post=3211"}],"version-history":[{"count":1,"href":"https:\/\/periodicolarepublica.com\/index.php\/wp-json\/wp\/v2\/posts\/3211\/revisions"}],"predecessor-version":[{"id":3213,"href":"https:\/\/periodicolarepublica.com\/index.php\/wp-json\/wp\/v2\/posts\/3211\/revisions\/3213"}],"wp:featuredmedia":[{"embeddable":true,"href":"https:\/\/periodicolarepublica.com\/index.php\/wp-json\/wp\/v2\/media\/3212"}],"wp:attachment":[{"href":"https:\/\/periodicolarepublica.com\/index.php\/wp-json\/wp\/v2\/media?parent=3211"}],"wp:term":[{"taxonomy":"category","embeddable":true,"href":"https:\/\/periodicolarepublica.com\/index.php\/wp-json\/wp\/v2\/categories?post=3211"},{"taxonomy":"post_tag","embeddable":true,"href":"https:\/\/periodicolarepublica.com\/index.php\/wp-json\/wp\/v2\/tags?post=3211"}],"curies":[{"name":"wp","href":"https:\/\/api.w.org\/{rel}","templated":true}]}}