{"id":3214,"date":"2025-05-07T13:34:35","date_gmt":"2025-05-07T11:34:35","guid":{"rendered":"https:\/\/periodicolarepublica.com\/?p=3214"},"modified":"2025-05-07T13:34:35","modified_gmt":"2025-05-07T11:34:35","slug":"gala-media-group-con-nueva-edicion-de-foros-business","status":"publish","type":"post","link":"https:\/\/periodicolarepublica.com\/index.php\/2025\/05\/07\/gala-media-group-con-nueva-edicion-de-foros-business\/","title":{"rendered":"GALA Media Group con nueva edici\u00f3n de Foros Business"},"content":{"rendered":"<p>Gesti\u00f3n Gubernamental: Desaf\u00edos, Objetivos y Metas<\/p>\n<p>Santo Domingo.\u2013 Con el objetivo de generar un espacio de an\u00e1lisis estrat\u00e9gico sobre los principales desaf\u00edos de la administraci\u00f3n p\u00fablica, GALA Media Group celebrar\u00e1 una nueva edici\u00f3n de Foros Business 2025, bajo el t\u00edtulo \u201cGesti\u00f3n Gubernamental: Desaf\u00edos, Objetivos y Metas\u201d.<\/p>\n<p>Este foro reunir\u00e1 a m\u00e1s de 30 ministros, directores de las principales instituciones gubernamentales y expertos nacionales para intercambiar ideas, visiones y propuestas orientadas a impulsar el desarrollo de la Rep\u00fablica Dominicana, desde una perspectiva de planificaci\u00f3n estrat\u00e9gica y sostenibilidad. Ser\u00e1 un espacio sin precedentes que concentrar\u00e1 a los principales tomadores de decisiones del Estado, con el objetivo de analizar de forma articulada los desaf\u00edos estructurales del pa\u00eds y proponer rutas concretas hacia una gesti\u00f3n p\u00fablica m\u00e1s eficiente, inclusiva y orientada a resultados.<\/p>\n<p><img loading=\"lazy\" decoding=\"async\" class=\"alignnone size-medium wp-image-1952 alignleft\" src=\"https:\/\/periodicolarepublica.com\/wp-content\/uploads\/2024\/10\/Picsart_24-10-20_14-11-10-500-300x211.jpg\" alt=\"\" width=\"300\" height=\"211\" srcset=\"https:\/\/periodicolarepublica.com\/wp-content\/uploads\/2024\/10\/Picsart_24-10-20_14-11-10-500-300x211.jpg?v=1729448782 300w, https:\/\/periodicolarepublica.com\/wp-content\/uploads\/2024\/10\/Picsart_24-10-20_14-11-10-500-768x540.jpg?v=1729448782 768w, https:\/\/periodicolarepublica.com\/wp-content\/uploads\/2024\/10\/Picsart_24-10-20_14-11-10-500-150x105.jpg?v=1729448782 150w, https:\/\/periodicolarepublica.com\/wp-content\/uploads\/2024\/10\/Picsart_24-10-20_14-11-10-500-600x422.jpg?v=1729448782 600w, https:\/\/periodicolarepublica.com\/wp-content\/uploads\/2024\/10\/Picsart_24-10-20_14-11-10-500-696x489.jpg?v=1729448782 696w, https:\/\/periodicolarepublica.com\/wp-content\/uploads\/2024\/10\/Picsart_24-10-20_14-11-10-500-100x70.jpg?v=1729448782 100w, https:\/\/periodicolarepublica.com\/wp-content\/uploads\/2024\/10\/Picsart_24-10-20_14-11-10-500-200x140.jpg?v=1729448782 200w, https:\/\/periodicolarepublica.com\/wp-content\/uploads\/2024\/10\/Picsart_24-10-20_14-11-10-500.jpg?v=1729448782 805w\" sizes=\"auto, (max-width: 300px) 100vw, 300px\" \/><\/p>\n","protected":false},"excerpt":{"rendered":"<p>Gesti\u00f3n Gubernamental: Desaf\u00edos, Objetivos y Metas Santo Domingo.\u2013 Con el objetivo de generar un espacio de an\u00e1lisis estrat\u00e9gico sobre los principales desaf\u00edos de la administraci\u00f3n p\u00fablica, GALA Media Group celebrar\u00e1 una nueva edici\u00f3n de Foros Business 2025, bajo el t\u00edtulo \u201cGesti\u00f3n Gubernamental: Desaf\u00edos, Objetivos y Metas\u201d. Este foro reunir\u00e1 a m\u00e1s de 30 ministros, directores [&hellip;]<\/p>\n","protected":false},"author":6,"featured_media":1952,"comment_status":"open","ping_status":"open","sticky":false,"template":"","format":"standard","meta":{"om_disable_all_campaigns":false,"_monsterinsights_skip_tracking":false,"_monsterinsights_sitenote_active":false,"_monsterinsights_sitenote_note":"","_monsterinsights_sitenote_category":0,"footnotes":""},"categories":[1],"tags":[],"class_list":{"0":"post-3214","1":"post","2":"type-post","3":"status-publish","4":"format-standard","5":"has-post-thumbnail","7":"category-nacionales"},"aioseo_notices":[],"_links":{"self":[{"href":"https:\/\/periodicolarepublica.com\/index.php\/wp-json\/wp\/v2\/posts\/3214","targetHints":{"allow":["GET"]}}],"collection":[{"href":"https:\/\/periodicolarepublica.com\/index.php\/wp-json\/wp\/v2\/posts"}],"about":[{"href":"https:\/\/periodicolarepublica.com\/index.php\/wp-json\/wp\/v2\/types\/post"}],"author":[{"embeddable":true,"href":"https:\/\/periodicolarepublica.com\/index.php\/wp-json\/wp\/v2\/users\/6"}],"replies":[{"embeddable":true,"href":"https:\/\/periodicolarepublica.com\/index.php\/wp-json\/wp\/v2\/comments?post=3214"}],"version-history":[{"count":1,"href":"https:\/\/periodicolarepublica.com\/index.php\/wp-json\/wp\/v2\/posts\/3214\/revisions"}],"predecessor-version":[{"id":3215,"href":"https:\/\/periodicolarepublica.com\/index.php\/wp-json\/wp\/v2\/posts\/3214\/revisions\/3215"}],"wp:featuredmedia":[{"embeddable":true,"href":"https:\/\/periodicolarepublica.com\/index.php\/wp-json\/wp\/v2\/media\/1952"}],"wp:attachment":[{"href":"https:\/\/periodicolarepublica.com\/index.php\/wp-json\/wp\/v2\/media?parent=3214"}],"wp:term":[{"taxonomy":"category","embeddable":true,"href":"https:\/\/periodicolarepublica.com\/index.php\/wp-json\/wp\/v2\/categories?post=3214"},{"taxonomy":"post_tag","embeddable":true,"href":"https:\/\/periodicolarepublica.com\/index.php\/wp-json\/wp\/v2\/tags?post=3214"}],"curies":[{"name":"wp","href":"https:\/\/api.w.org\/{rel}","templated":true}]}}