{"id":3216,"date":"2025-05-07T13:41:06","date_gmt":"2025-05-07T11:41:06","guid":{"rendered":"https:\/\/periodicolarepublica.com\/?p=3216"},"modified":"2025-05-07T13:41:06","modified_gmt":"2025-05-07T11:41:06","slug":"1020646-visitantes-llegaron-a-rd-en-abril-para-un-crecimiento-de-mas-de-7","status":"publish","type":"post","link":"https:\/\/periodicolarepublica.com\/index.php\/2025\/05\/07\/1020646-visitantes-llegaron-a-rd-en-abril-para-un-crecimiento-de-mas-de-7\/","title":{"rendered":"1,020,646 visitantes llegaron a RD en abril para un crecimiento de m\u00e1s de 7%"},"content":{"rendered":"<p>Ministro Collado dice 4,3 millones de visitaron el pa\u00eds en los primeros 4 meses del 2025<\/p>\n<p>Santiago, 6 de mayo 2025.-El turismo dominicano contin\u00faa reflejando un crecimiento sostenible al registrarse la llegada de 1,020,646 visitantes, solo en abril, lo que representa un crecimiento de un 7 por ciento con relaci\u00f3n al mismo mes del a\u00f1o pasado.<\/p>\n<p>As\u00ed lo inform\u00f3 el ministro de Turismo, David Collado, el presentar, como cada mes, las estad\u00edsticas del sector, en esa ocasi\u00f3n desde Santiago de los Caballeros.<\/p>\n<p>El funcionario se\u00f1al\u00f3 que la llegada de 1,020,646 de visitantes en abril representa un aumento de un 7% respecto al mismo mes del 2024, un 18 del 2023 y un 55% con relaci\u00f3n al 2019.<\/p>\n<p>El ministro Collado dijo, tambi\u00e9n, que en el primer cuatrimestre de este a\u00f1o el pa\u00eds recibi\u00f3 4,369,288 visitantes, otra cifra r\u00e9cord en la historia del turismo dominicano.<\/p>\n<p>\u00abEso significa que esos 4,369,288 de visitantes representan un crecimiento de 4% respecto al mismo periodo del a\u00f1o pasado, un 17% en comparaci\u00f3n con el 2023 y un 50% con relaci\u00f3n 2019. D\u00edganme si eso no son cifras hist\u00f3ricas\u00bb, manifest\u00f3 el ministro Collado.<\/p>\n<p>De esos 4,369,288 de visitantes, a\u00f1adi\u00f3, 3,069,832 llegaron por v\u00eda a\u00e9rea y 1,299,456 lo hicieron por v\u00eda mar\u00edtima.<\/p>\n<p>Indic\u00f3 que el ranking de llegada v\u00eda a\u00e9rea, en el periodo enero-abril, lo encabeza el aeropuerto de Punta Cana con un 64%, seguido de Las Am\u00e9ricas con un 19%, el Cibao con 9%, Puerto Plata con un 6% y Romana con un 2%.<\/p>\n<p>En el marco de su presentaci\u00f3n, ante la presencia de empresarios, hoteleros y otros actores de la industria de la productiva regi\u00f3n del Cibao, el ministro Collado destac\u00f3 la cantidad de turistas que visitaron el pa\u00eds en Semana Santa<\/p>\n<p>Inform\u00f3 que 201,889 turistas llegaron al pa\u00eds en la Semana Mayor, alcanzando una ocupaci\u00f3n hotelera de m\u00e1s de un 85%.<\/p>\n<p>\u00abEsa visita en Semana Santa represent\u00f3 242 millones de d\u00f3lares al sector hotelero y m\u00e1s 1,600 millones de pesos en compra al sector agropecuario\u00bb, expres\u00f3 el ministro Collado.<\/p>\n<p><img loading=\"lazy\" decoding=\"async\" class=\"alignnone size-medium wp-image-3217\" src=\"https:\/\/periodicolarepublica.com\/wp-content\/uploads\/2025\/05\/IMG-20250507-WA0001-300x198.jpg\" alt=\"\" width=\"300\" height=\"198\" srcset=\"https:\/\/periodicolarepublica.com\/wp-content\/uploads\/2025\/05\/IMG-20250507-WA0001-300x198.jpg 300w, https:\/\/periodicolarepublica.com\/wp-content\/uploads\/2025\/05\/IMG-20250507-WA0001-1024x675.jpg 1024w, https:\/\/periodicolarepublica.com\/wp-content\/uploads\/2025\/05\/IMG-20250507-WA0001-768x507.jpg 768w, https:\/\/periodicolarepublica.com\/wp-content\/uploads\/2025\/05\/IMG-20250507-WA0001-150x99.jpg 150w, https:\/\/periodicolarepublica.com\/wp-content\/uploads\/2025\/05\/IMG-20250507-WA0001-600x396.jpg 600w, https:\/\/periodicolarepublica.com\/wp-content\/uploads\/2025\/05\/IMG-20250507-WA0001-696x459.jpg 696w, https:\/\/periodicolarepublica.com\/wp-content\/uploads\/2025\/05\/IMG-20250507-WA0001-1068x705.jpg 1068w, https:\/\/periodicolarepublica.com\/wp-content\/uploads\/2025\/05\/IMG-20250507-WA0001.jpg 1237w\" sizes=\"auto, (max-width: 300px) 100vw, 300px\" \/><\/p>\n<p>&nbsp;<\/p>\n","protected":false},"excerpt":{"rendered":"<p>Ministro Collado dice 4,3 millones de visitaron el pa\u00eds en los primeros 4 meses del 2025 Santiago, 6 de mayo 2025.-El turismo dominicano contin\u00faa reflejando un crecimiento sostenible al registrarse la llegada de 1,020,646 visitantes, solo en abril, lo que representa un crecimiento de un 7 por ciento con relaci\u00f3n al mismo mes del a\u00f1o [&hellip;]<\/p>\n","protected":false},"author":6,"featured_media":3217,"comment_status":"open","ping_status":"open","sticky":false,"template":"","format":"standard","meta":{"om_disable_all_campaigns":false,"_monsterinsights_skip_tracking":false,"_monsterinsights_sitenote_active":false,"_monsterinsights_sitenote_note":"","_monsterinsights_sitenote_category":0,"footnotes":""},"categories":[1],"tags":[30,208,328],"class_list":{"0":"post-3216","1":"post","2":"type-post","3":"status-publish","4":"format-standard","5":"has-post-thumbnail","7":"category-nacionales","8":"tag-david-collado","9":"tag-santiago-de-los-caballeros","10":"tag-turismo-rd"},"aioseo_notices":[],"_links":{"self":[{"href":"https:\/\/periodicolarepublica.com\/index.php\/wp-json\/wp\/v2\/posts\/3216","targetHints":{"allow":["GET"]}}],"collection":[{"href":"https:\/\/periodicolarepublica.com\/index.php\/wp-json\/wp\/v2\/posts"}],"about":[{"href":"https:\/\/periodicolarepublica.com\/index.php\/wp-json\/wp\/v2\/types\/post"}],"author":[{"embeddable":true,"href":"https:\/\/periodicolarepublica.com\/index.php\/wp-json\/wp\/v2\/users\/6"}],"replies":[{"embeddable":true,"href":"https:\/\/periodicolarepublica.com\/index.php\/wp-json\/wp\/v2\/comments?post=3216"}],"version-history":[{"count":2,"href":"https:\/\/periodicolarepublica.com\/index.php\/wp-json\/wp\/v2\/posts\/3216\/revisions"}],"predecessor-version":[{"id":3219,"href":"https:\/\/periodicolarepublica.com\/index.php\/wp-json\/wp\/v2\/posts\/3216\/revisions\/3219"}],"wp:featuredmedia":[{"embeddable":true,"href":"https:\/\/periodicolarepublica.com\/index.php\/wp-json\/wp\/v2\/media\/3217"}],"wp:attachment":[{"href":"https:\/\/periodicolarepublica.com\/index.php\/wp-json\/wp\/v2\/media?parent=3216"}],"wp:term":[{"taxonomy":"category","embeddable":true,"href":"https:\/\/periodicolarepublica.com\/index.php\/wp-json\/wp\/v2\/categories?post=3216"},{"taxonomy":"post_tag","embeddable":true,"href":"https:\/\/periodicolarepublica.com\/index.php\/wp-json\/wp\/v2\/tags?post=3216"}],"curies":[{"name":"wp","href":"https:\/\/api.w.org\/{rel}","templated":true}]}}