{"id":3223,"date":"2025-05-07T20:20:39","date_gmt":"2025-05-07T18:20:39","guid":{"rendered":"https:\/\/periodicolarepublica.com\/?p=3223"},"modified":"2025-05-07T20:20:39","modified_gmt":"2025-05-07T18:20:39","slug":"samuel-pereyra-impulsa-feria-inmobiliaria-de-banreservas-en-nueva-york","status":"publish","type":"post","link":"https:\/\/periodicolarepublica.com\/index.php\/2025\/05\/07\/samuel-pereyra-impulsa-feria-inmobiliaria-de-banreservas-en-nueva-york\/","title":{"rendered":"Samuel Pereyra impulsa feria inmobiliaria de Banreservas en Nueva York\u00a0"},"content":{"rendered":"<p>El Banco de Reservas de la Rep\u00fablica Dominicana (Banreservas) celebrar\u00e1 del 14 al 16 de mayo de 2025 su esperada Feria Inmobiliaria en The Radio Hotel de Nueva York, un evento dise\u00f1ado especialmente para los dominicanos residentes en el extranjero que sue\u00f1an con adquirir una propiedad en su pa\u00eds de origen sin tener que viajar y p\u00fablico en general.<\/p>\n<p>Durante esta jornada, los asistentes tendr\u00e1n acceso directo a m\u00faltiples desarrolladores, proyectos habitacionales y, sobre todo, a facilidades de financiamiento dise\u00f1adas por Banreservas para los dominicanos en el exterior. El objetivo principal: acercar las oportunidades de inversi\u00f3n inmobiliaria en Rep\u00fablica Dominicana a quienes viven fuera del pa\u00eds, eliminando las barreras geogr\u00e1ficas y burocr\u00e1ticas que usualmente dificultan estos procesos.<\/p>\n<p>El administrador general de Banreservas, Samuel Pereyra, ha sido una pieza clave en esta pol\u00edtica de acercamiento a la di\u00e1spora. Bajo su liderazgo, el banco ha fortalecido su presencia internacional con iniciativas como esta feria, que no solo promueve el acceso a viviendas dignas, sino que tambi\u00e9n fomenta la inversi\u00f3n y el crecimiento del sector inmobiliario dominicano.<\/p>\n<p><img loading=\"lazy\" decoding=\"async\" class=\"alignnone size-medium wp-image-3224\" src=\"https:\/\/periodicolarepublica.com\/wp-content\/uploads\/2025\/05\/IMG_20250507_141929-300x212.jpg\" alt=\"\" width=\"300\" height=\"212\" srcset=\"https:\/\/periodicolarepublica.com\/wp-content\/uploads\/2025\/05\/IMG_20250507_141929-300x212.jpg 300w, https:\/\/periodicolarepublica.com\/wp-content\/uploads\/2025\/05\/IMG_20250507_141929-150x106.jpg 150w, https:\/\/periodicolarepublica.com\/wp-content\/uploads\/2025\/05\/IMG_20250507_141929-100x70.jpg 100w, https:\/\/periodicolarepublica.com\/wp-content\/uploads\/2025\/05\/IMG_20250507_141929-200x140.jpg 200w, https:\/\/periodicolarepublica.com\/wp-content\/uploads\/2025\/05\/IMG_20250507_141929.jpg 313w\" sizes=\"auto, (max-width: 300px) 100vw, 300px\" \/><\/p>\n","protected":false},"excerpt":{"rendered":"<p>El Banco de Reservas de la Rep\u00fablica Dominicana (Banreservas) celebrar\u00e1 del 14 al 16 de mayo de 2025 su esperada Feria Inmobiliaria en The Radio Hotel de Nueva York, un evento dise\u00f1ado especialmente para los dominicanos residentes en el extranjero que sue\u00f1an con adquirir una propiedad en su pa\u00eds de origen sin tener que viajar [&hellip;]<\/p>\n","protected":false},"author":1,"featured_media":3224,"comment_status":"open","ping_status":"open","sticky":false,"template":"","format":"standard","meta":{"om_disable_all_campaigns":false,"_monsterinsights_skip_tracking":false,"_monsterinsights_sitenote_active":false,"_monsterinsights_sitenote_note":"","_monsterinsights_sitenote_category":0,"footnotes":""},"categories":[33,1],"tags":[],"class_list":{"0":"post-3223","1":"post","2":"type-post","3":"status-publish","4":"format-standard","5":"has-post-thumbnail","7":"category-canal-financiero","8":"category-nacionales"},"aioseo_notices":[],"_links":{"self":[{"href":"https:\/\/periodicolarepublica.com\/index.php\/wp-json\/wp\/v2\/posts\/3223","targetHints":{"allow":["GET"]}}],"collection":[{"href":"https:\/\/periodicolarepublica.com\/index.php\/wp-json\/wp\/v2\/posts"}],"about":[{"href":"https:\/\/periodicolarepublica.com\/index.php\/wp-json\/wp\/v2\/types\/post"}],"author":[{"embeddable":true,"href":"https:\/\/periodicolarepublica.com\/index.php\/wp-json\/wp\/v2\/users\/1"}],"replies":[{"embeddable":true,"href":"https:\/\/periodicolarepublica.com\/index.php\/wp-json\/wp\/v2\/comments?post=3223"}],"version-history":[{"count":1,"href":"https:\/\/periodicolarepublica.com\/index.php\/wp-json\/wp\/v2\/posts\/3223\/revisions"}],"predecessor-version":[{"id":3225,"href":"https:\/\/periodicolarepublica.com\/index.php\/wp-json\/wp\/v2\/posts\/3223\/revisions\/3225"}],"wp:featuredmedia":[{"embeddable":true,"href":"https:\/\/periodicolarepublica.com\/index.php\/wp-json\/wp\/v2\/media\/3224"}],"wp:attachment":[{"href":"https:\/\/periodicolarepublica.com\/index.php\/wp-json\/wp\/v2\/media?parent=3223"}],"wp:term":[{"taxonomy":"category","embeddable":true,"href":"https:\/\/periodicolarepublica.com\/index.php\/wp-json\/wp\/v2\/categories?post=3223"},{"taxonomy":"post_tag","embeddable":true,"href":"https:\/\/periodicolarepublica.com\/index.php\/wp-json\/wp\/v2\/tags?post=3223"}],"curies":[{"name":"wp","href":"https:\/\/api.w.org\/{rel}","templated":true}]}}