{"id":3232,"date":"2025-05-09T14:10:50","date_gmt":"2025-05-09T12:10:50","guid":{"rendered":"https:\/\/periodicolarepublica.com\/?p=3232"},"modified":"2025-05-09T14:10:50","modified_gmt":"2025-05-09T12:10:50","slug":"exministra-espanola-imparte-una-clase-en-cef-santo-domingo","status":"publish","type":"post","link":"https:\/\/periodicolarepublica.com\/index.php\/2025\/05\/09\/exministra-espanola-imparte-una-clase-en-cef-santo-domingo\/","title":{"rendered":"Exministra espa\u00f1ola imparte una clase en CEF.- Santo Domingo"},"content":{"rendered":"<p>La exministra de Empleo y Seguridad Social (2011-2018), F\u00e1tima B\u00e1\u00f1ez, comparti\u00f3 esta semana una conferencia transatl\u00e1ntica para analizar la situaci\u00f3n del sector p\u00fablico y privado en Rep\u00fablica Dominicana y sus opciones de mejora a trav\u00e9s de la mirada femenina.<\/p>\n<p>Una sesi\u00f3n especial del Curso de Liderazgo Femenino que imparte el Grupo CEF.- UDIMA en su sede de Santo Domingo, en la que la exministra espa\u00f1ola aport\u00f3 su experiencia en la \u00abdecisiva reforma laboral\u00bb de nuestro pa\u00eds de hace unos a\u00f1os, en palabras del presidente del Grupo Educativo, Arturo de las Heras, quien present\u00f3 a la ponente.<\/p>\n<p><img loading=\"lazy\" decoding=\"async\" class=\"alignnone size-medium wp-image-3233\" src=\"https:\/\/periodicolarepublica.com\/wp-content\/uploads\/2025\/05\/Arturo-de-las-Heras-Garcia-y-Fatima-Banez-300x168.jpeg\" alt=\"\" width=\"300\" height=\"168\" srcset=\"https:\/\/periodicolarepublica.com\/wp-content\/uploads\/2025\/05\/Arturo-de-las-Heras-Garcia-y-Fatima-Banez-300x168.jpeg 300w, https:\/\/periodicolarepublica.com\/wp-content\/uploads\/2025\/05\/Arturo-de-las-Heras-Garcia-y-Fatima-Banez-1024x575.jpeg 1024w, https:\/\/periodicolarepublica.com\/wp-content\/uploads\/2025\/05\/Arturo-de-las-Heras-Garcia-y-Fatima-Banez-768x431.jpeg 768w, https:\/\/periodicolarepublica.com\/wp-content\/uploads\/2025\/05\/Arturo-de-las-Heras-Garcia-y-Fatima-Banez-1536x862.jpeg 1536w, https:\/\/periodicolarepublica.com\/wp-content\/uploads\/2025\/05\/Arturo-de-las-Heras-Garcia-y-Fatima-Banez-150x84.jpeg 150w, https:\/\/periodicolarepublica.com\/wp-content\/uploads\/2025\/05\/Arturo-de-las-Heras-Garcia-y-Fatima-Banez-600x337.jpeg 600w, https:\/\/periodicolarepublica.com\/wp-content\/uploads\/2025\/05\/Arturo-de-las-Heras-Garcia-y-Fatima-Banez-696x391.jpeg 696w, https:\/\/periodicolarepublica.com\/wp-content\/uploads\/2025\/05\/Arturo-de-las-Heras-Garcia-y-Fatima-Banez-1392x781.jpeg 1392w, https:\/\/periodicolarepublica.com\/wp-content\/uploads\/2025\/05\/Arturo-de-las-Heras-Garcia-y-Fatima-Banez-1068x599.jpeg 1068w, https:\/\/periodicolarepublica.com\/wp-content\/uploads\/2025\/05\/Arturo-de-las-Heras-Garcia-y-Fatima-Banez.jpeg 1593w\" sizes=\"auto, (max-width: 300px) 100vw, 300px\" \/><\/p>\n","protected":false},"excerpt":{"rendered":"<p>La exministra de Empleo y Seguridad Social (2011-2018), F\u00e1tima B\u00e1\u00f1ez, comparti\u00f3 esta semana una conferencia transatl\u00e1ntica para analizar la situaci\u00f3n del sector p\u00fablico y privado en Rep\u00fablica Dominicana y sus opciones de mejora a trav\u00e9s de la mirada femenina. Una sesi\u00f3n especial del Curso de Liderazgo Femenino que imparte el Grupo CEF.- UDIMA en su [&hellip;]<\/p>\n","protected":false},"author":6,"featured_media":3233,"comment_status":"open","ping_status":"open","sticky":false,"template":"","format":"standard","meta":{"om_disable_all_campaigns":false,"_monsterinsights_skip_tracking":false,"_monsterinsights_sitenote_active":false,"_monsterinsights_sitenote_note":"","_monsterinsights_sitenote_category":0,"footnotes":""},"categories":[1],"tags":[],"class_list":{"0":"post-3232","1":"post","2":"type-post","3":"status-publish","4":"format-standard","5":"has-post-thumbnail","7":"category-nacionales"},"aioseo_notices":[],"_links":{"self":[{"href":"https:\/\/periodicolarepublica.com\/index.php\/wp-json\/wp\/v2\/posts\/3232","targetHints":{"allow":["GET"]}}],"collection":[{"href":"https:\/\/periodicolarepublica.com\/index.php\/wp-json\/wp\/v2\/posts"}],"about":[{"href":"https:\/\/periodicolarepublica.com\/index.php\/wp-json\/wp\/v2\/types\/post"}],"author":[{"embeddable":true,"href":"https:\/\/periodicolarepublica.com\/index.php\/wp-json\/wp\/v2\/users\/6"}],"replies":[{"embeddable":true,"href":"https:\/\/periodicolarepublica.com\/index.php\/wp-json\/wp\/v2\/comments?post=3232"}],"version-history":[{"count":1,"href":"https:\/\/periodicolarepublica.com\/index.php\/wp-json\/wp\/v2\/posts\/3232\/revisions"}],"predecessor-version":[{"id":3234,"href":"https:\/\/periodicolarepublica.com\/index.php\/wp-json\/wp\/v2\/posts\/3232\/revisions\/3234"}],"wp:featuredmedia":[{"embeddable":true,"href":"https:\/\/periodicolarepublica.com\/index.php\/wp-json\/wp\/v2\/media\/3233"}],"wp:attachment":[{"href":"https:\/\/periodicolarepublica.com\/index.php\/wp-json\/wp\/v2\/media?parent=3232"}],"wp:term":[{"taxonomy":"category","embeddable":true,"href":"https:\/\/periodicolarepublica.com\/index.php\/wp-json\/wp\/v2\/categories?post=3232"},{"taxonomy":"post_tag","embeddable":true,"href":"https:\/\/periodicolarepublica.com\/index.php\/wp-json\/wp\/v2\/tags?post=3232"}],"curies":[{"name":"wp","href":"https:\/\/api.w.org\/{rel}","templated":true}]}}