{"id":3239,"date":"2025-05-09T14:32:11","date_gmt":"2025-05-09T12:32:11","guid":{"rendered":"https:\/\/periodicolarepublica.com\/?p=3239"},"modified":"2025-05-09T14:53:41","modified_gmt":"2025-05-09T12:53:41","slug":"caesco-ve-clave-mantener-un-enfoque-corregulador-y-multiactor-en-ley-de-libertad-de-expresion","status":"publish","type":"post","link":"https:\/\/periodicolarepublica.com\/index.php\/2025\/05\/09\/caesco-ve-clave-mantener-un-enfoque-corregulador-y-multiactor-en-ley-de-libertad-de-expresion\/","title":{"rendered":"CAESCO ve clave mantener un enfoque corregulador y multiactor en Ley de Libertad de Expresi\u00f3n"},"content":{"rendered":"<p>El Centro de An\u00e1lisis y Estudio de la Comunicaci\u00f3n en Rep\u00fablica Dominicana (CAESCO) emiti\u00f3 un informe preliminar sobre el anteproyecto de Ley org\u00e1nica de Libertad de Expresi\u00f3n y Medios Audiovisuales, advirtiendo la necesidad de alcanzar una pieza legislativa que conserve un enfoque corregulador y multiactor desde el punto de vista de que el marco jur\u00eddico permita la participaci\u00f3n del Estado , de las empresas de servicios digitales, los medios de comunicaci\u00f3n, incluyendo digitales, los periodistas y creadores de contenido en el proceso regulaci\u00f3n.<\/p>\n<p><img loading=\"lazy\" decoding=\"async\" class=\"alignnone size-medium wp-image-3240\" src=\"https:\/\/periodicolarepublica.com\/wp-content\/uploads\/2025\/05\/logo600-300x93.png\" alt=\"\" width=\"300\" height=\"93\" srcset=\"https:\/\/periodicolarepublica.com\/wp-content\/uploads\/2025\/05\/logo600-300x93.png 300w, https:\/\/periodicolarepublica.com\/wp-content\/uploads\/2025\/05\/logo600-150x47.png 150w, https:\/\/periodicolarepublica.com\/wp-content\/uploads\/2025\/05\/logo600-600x186.png 600w, https:\/\/periodicolarepublica.com\/wp-content\/uploads\/2025\/05\/logo600.png 606w\" sizes=\"auto, (max-width: 300px) 100vw, 300px\" \/><\/p>\n","protected":false},"excerpt":{"rendered":"<p>El Centro de An\u00e1lisis y Estudio de la Comunicaci\u00f3n en Rep\u00fablica Dominicana (CAESCO) emiti\u00f3 un informe preliminar sobre el anteproyecto de Ley org\u00e1nica de Libertad de Expresi\u00f3n y Medios Audiovisuales, advirtiendo la necesidad de alcanzar una pieza legislativa que conserve un enfoque corregulador y multiactor desde el punto de vista de que el marco jur\u00eddico [&hellip;]<\/p>\n","protected":false},"author":6,"featured_media":3240,"comment_status":"open","ping_status":"open","sticky":false,"template":"","format":"standard","meta":{"om_disable_all_campaigns":false,"_monsterinsights_skip_tracking":false,"_monsterinsights_sitenote_active":false,"_monsterinsights_sitenote_note":"","_monsterinsights_sitenote_category":0,"footnotes":""},"categories":[1],"tags":[],"class_list":{"0":"post-3239","1":"post","2":"type-post","3":"status-publish","4":"format-standard","5":"has-post-thumbnail","7":"category-nacionales"},"aioseo_notices":[],"_links":{"self":[{"href":"https:\/\/periodicolarepublica.com\/index.php\/wp-json\/wp\/v2\/posts\/3239","targetHints":{"allow":["GET"]}}],"collection":[{"href":"https:\/\/periodicolarepublica.com\/index.php\/wp-json\/wp\/v2\/posts"}],"about":[{"href":"https:\/\/periodicolarepublica.com\/index.php\/wp-json\/wp\/v2\/types\/post"}],"author":[{"embeddable":true,"href":"https:\/\/periodicolarepublica.com\/index.php\/wp-json\/wp\/v2\/users\/6"}],"replies":[{"embeddable":true,"href":"https:\/\/periodicolarepublica.com\/index.php\/wp-json\/wp\/v2\/comments?post=3239"}],"version-history":[{"count":1,"href":"https:\/\/periodicolarepublica.com\/index.php\/wp-json\/wp\/v2\/posts\/3239\/revisions"}],"predecessor-version":[{"id":3241,"href":"https:\/\/periodicolarepublica.com\/index.php\/wp-json\/wp\/v2\/posts\/3239\/revisions\/3241"}],"wp:featuredmedia":[{"embeddable":true,"href":"https:\/\/periodicolarepublica.com\/index.php\/wp-json\/wp\/v2\/media\/3240"}],"wp:attachment":[{"href":"https:\/\/periodicolarepublica.com\/index.php\/wp-json\/wp\/v2\/media?parent=3239"}],"wp:term":[{"taxonomy":"category","embeddable":true,"href":"https:\/\/periodicolarepublica.com\/index.php\/wp-json\/wp\/v2\/categories?post=3239"},{"taxonomy":"post_tag","embeddable":true,"href":"https:\/\/periodicolarepublica.com\/index.php\/wp-json\/wp\/v2\/tags?post=3239"}],"curies":[{"name":"wp","href":"https:\/\/api.w.org\/{rel}","templated":true}]}}