{"id":3244,"date":"2025-05-09T15:11:45","date_gmt":"2025-05-09T13:11:45","guid":{"rendered":"https:\/\/periodicolarepublica.com\/?p=3244"},"modified":"2025-05-09T15:11:45","modified_gmt":"2025-05-09T13:11:45","slug":"asdn-entrega-cerca-de-un-millon-y-medio-de-pesos-en-premios-a-comparsas-ganadoras-carnaval-2025","status":"publish","type":"post","link":"https:\/\/periodicolarepublica.com\/index.php\/2025\/05\/09\/asdn-entrega-cerca-de-un-millon-y-medio-de-pesos-en-premios-a-comparsas-ganadoras-carnaval-2025\/","title":{"rendered":"ASDN entrega cerca de un mill\u00f3n y medio de pesos en premios a comparsas ganadoras Carnaval 2025"},"content":{"rendered":"<p>Los reconocimientos fueron distribuidos en siete categor\u00edas_<\/p>\n<p>Santo Domingo Norte, R.D.- A tan solo un mes de la celebraci\u00f3n de su vibrante Carnaval 2025, la Alcald\u00eda de Santo Domingo Norte (ASDN) realiz\u00f3 la entrega oficial de premios a las comparsas ganadoras, destinando un total de RD$ 1,425,000 (un mill\u00f3n cuatrocientos veinticinco mil pesos), en reconocimientos y ayudas econ\u00f3micas.<\/p>\n<p>&nbsp;<\/p>\n<p>Los premios fueron distribuidos de la siguiente manera: seis comparsas ganaron RD$100 mil (cien mil pesos) cada una en el primer lugar; otras seis comparsas m\u00e1s ganaron RD$75 mil (setenta y cinco mil pesos) cada una para un segundo lugar y a seis comparsas m\u00e1s se le entregaron 50 mil (cincuenta mil pesos) a cada una al ocupar un tercer lugar.<\/p>\n<p>Adem\u00e1s se entregaron premios individuales a los \u00faltimos lugares divididos en tres categor\u00edas correspondientes a RD$35 mil, RD$25 mil y RD$15 mil pesos para cada una.<\/p>\n<p>&nbsp;<\/p>\n<p>El acto de entrega fue encabezado por la alcaldesa Betty Ger\u00f3nimo, quien destac\u00f3 la importancia de reconocer el talento y el esfuerzo de quienes mantienen vivas las tradiciones culturales del municipio.<\/p>\n<p>Durante su intervenci\u00f3n, Ger\u00f3nimo anunci\u00f3 que para el Carnaval 2026 se contempla un aumento en los montos de los premios, como parte de su compromiso con el fortalecimiento y la expansi\u00f3n del evento.<\/p>\n<p>\u201cLa creatividad y el entusiasmo de nuestras comparsas merecen todo el respaldo posible. Estamos trabajando para que el pr\u00f3ximo a\u00f1o el Carnaval sea a\u00fan m\u00e1s grande, y con mejores incentivos para nuestros portadores de tradiciones\u201d, expres\u00f3 la alcaldesa.<\/p>\n<p>En el acto tambi\u00e9n estuvieron presentes el director del Departamento de Cultura, Berto de la Rosa; el asesor cultural Jos\u00e9 Manuel L\u00f3pez y la encargada del departamento, Massiel Soto.<\/p>\n<p>La edici\u00f3n 2025 del Carnaval reuni\u00f3 a m\u00e1s de 50 comparsas, artistas, influencers y miles de personas, quienes disfrutaron durante m\u00e1s de cinco horas del espect\u00e1culo, pese a la incesante lluvia que acompa\u00f1\u00f3 el evento, considerada por muchos como una bendici\u00f3n para esta celebraci\u00f3n de identidad y tradici\u00f3n.<\/p>\n<p>*DEPARTAMENTO DE COMUNICACIONES*<\/p>\n<p><img loading=\"lazy\" decoding=\"async\" class=\"alignnone size-medium wp-image-3245\" src=\"https:\/\/periodicolarepublica.com\/wp-content\/uploads\/2025\/05\/IMG-20250509-WA00121-300x199.jpg\" alt=\"\" width=\"300\" height=\"199\" srcset=\"https:\/\/periodicolarepublica.com\/wp-content\/uploads\/2025\/05\/IMG-20250509-WA00121-300x199.jpg 300w, https:\/\/periodicolarepublica.com\/wp-content\/uploads\/2025\/05\/IMG-20250509-WA00121-1024x678.jpg 1024w, https:\/\/periodicolarepublica.com\/wp-content\/uploads\/2025\/05\/IMG-20250509-WA00121-768x508.jpg 768w, https:\/\/periodicolarepublica.com\/wp-content\/uploads\/2025\/05\/IMG-20250509-WA00121-1536x1017.jpg 1536w, https:\/\/periodicolarepublica.com\/wp-content\/uploads\/2025\/05\/IMG-20250509-WA00121-150x99.jpg 150w, https:\/\/periodicolarepublica.com\/wp-content\/uploads\/2025\/05\/IMG-20250509-WA00121-600x397.jpg 600w, https:\/\/periodicolarepublica.com\/wp-content\/uploads\/2025\/05\/IMG-20250509-WA00121-696x461.jpg 696w, https:\/\/periodicolarepublica.com\/wp-content\/uploads\/2025\/05\/IMG-20250509-WA00121-1392x921.jpg 1392w, https:\/\/periodicolarepublica.com\/wp-content\/uploads\/2025\/05\/IMG-20250509-WA00121-1068x707.jpg 1068w, https:\/\/periodicolarepublica.com\/wp-content\/uploads\/2025\/05\/IMG-20250509-WA00121.jpg 1600w\" sizes=\"auto, (max-width: 300px) 100vw, 300px\" \/><\/p>\n","protected":false},"excerpt":{"rendered":"<p>Los reconocimientos fueron distribuidos en siete categor\u00edas_ Santo Domingo Norte, R.D.- A tan solo un mes de la celebraci\u00f3n de su vibrante Carnaval 2025, la Alcald\u00eda de Santo Domingo Norte (ASDN) realiz\u00f3 la entrega oficial de premios a las comparsas ganadoras, destinando un total de RD$ 1,425,000 (un mill\u00f3n cuatrocientos veinticinco mil pesos), en reconocimientos [&hellip;]<\/p>\n","protected":false},"author":6,"featured_media":3245,"comment_status":"open","ping_status":"open","sticky":false,"template":"","format":"standard","meta":{"om_disable_all_campaigns":false,"_monsterinsights_skip_tracking":false,"_monsterinsights_sitenote_active":false,"_monsterinsights_sitenote_note":"","_monsterinsights_sitenote_category":0,"footnotes":""},"categories":[1],"tags":[],"class_list":{"0":"post-3244","1":"post","2":"type-post","3":"status-publish","4":"format-standard","5":"has-post-thumbnail","7":"category-nacionales"},"aioseo_notices":[],"_links":{"self":[{"href":"https:\/\/periodicolarepublica.com\/index.php\/wp-json\/wp\/v2\/posts\/3244","targetHints":{"allow":["GET"]}}],"collection":[{"href":"https:\/\/periodicolarepublica.com\/index.php\/wp-json\/wp\/v2\/posts"}],"about":[{"href":"https:\/\/periodicolarepublica.com\/index.php\/wp-json\/wp\/v2\/types\/post"}],"author":[{"embeddable":true,"href":"https:\/\/periodicolarepublica.com\/index.php\/wp-json\/wp\/v2\/users\/6"}],"replies":[{"embeddable":true,"href":"https:\/\/periodicolarepublica.com\/index.php\/wp-json\/wp\/v2\/comments?post=3244"}],"version-history":[{"count":1,"href":"https:\/\/periodicolarepublica.com\/index.php\/wp-json\/wp\/v2\/posts\/3244\/revisions"}],"predecessor-version":[{"id":3246,"href":"https:\/\/periodicolarepublica.com\/index.php\/wp-json\/wp\/v2\/posts\/3244\/revisions\/3246"}],"wp:featuredmedia":[{"embeddable":true,"href":"https:\/\/periodicolarepublica.com\/index.php\/wp-json\/wp\/v2\/media\/3245"}],"wp:attachment":[{"href":"https:\/\/periodicolarepublica.com\/index.php\/wp-json\/wp\/v2\/media?parent=3244"}],"wp:term":[{"taxonomy":"category","embeddable":true,"href":"https:\/\/periodicolarepublica.com\/index.php\/wp-json\/wp\/v2\/categories?post=3244"},{"taxonomy":"post_tag","embeddable":true,"href":"https:\/\/periodicolarepublica.com\/index.php\/wp-json\/wp\/v2\/tags?post=3244"}],"curies":[{"name":"wp","href":"https:\/\/api.w.org\/{rel}","templated":true}]}}