{"id":325,"date":"2024-01-09T16:39:50","date_gmt":"2024-01-09T15:39:50","guid":{"rendered":"https:\/\/periodicolarepublica.com\/?p=325"},"modified":"2024-01-09T16:45:32","modified_gmt":"2024-01-09T15:45:32","slug":"reconocen-banco-popular-y-a-juan-manuel-martin-de-oliva-por-gestion-negocios-turisticos","status":"publish","type":"post","link":"https:\/\/periodicolarepublica.com\/index.php\/2024\/01\/09\/reconocen-banco-popular-y-a-juan-manuel-martin-de-oliva-por-gestion-negocios-turisticos\/","title":{"rendered":"Reconocen Banco Popular y a Juan Manuel Mart\u00edn de Oliva por gesti\u00f3n negocios tur\u00edsticos\u00a0"},"content":{"rendered":"<p>&nbsp;<\/p>\n<p><img loading=\"lazy\" decoding=\"async\" class=\"alignnone size-medium wp-image-329\" src=\"https:\/\/periodicolarepublica.com\/wp-content\/uploads\/2024\/01\/Picsart_24-01-09_11-44-03-397-300x169.jpg\" alt=\"\" width=\"300\" height=\"169\" srcset=\"https:\/\/periodicolarepublica.com\/wp-content\/uploads\/2024\/01\/Picsart_24-01-09_11-44-03-397-300x169.jpg?v=1715379831 300w, https:\/\/periodicolarepublica.com\/wp-content\/uploads\/2024\/01\/Picsart_24-01-09_11-44-03-397-1024x576.jpg?v=1715379831 1024w, https:\/\/periodicolarepublica.com\/wp-content\/uploads\/2024\/01\/Picsart_24-01-09_11-44-03-397-768x432.jpg?v=1715379831 768w, https:\/\/periodicolarepublica.com\/wp-content\/uploads\/2024\/01\/Picsart_24-01-09_11-44-03-397-1536x864.jpg?v=1715379831 1536w, https:\/\/periodicolarepublica.com\/wp-content\/uploads\/2024\/01\/Picsart_24-01-09_11-44-03-397-2048x1152.jpg?v=1715379831 2048w, https:\/\/periodicolarepublica.com\/wp-content\/uploads\/2024\/01\/Picsart_24-01-09_11-44-03-397-150x84.jpg?v=1715379831 150w, https:\/\/periodicolarepublica.com\/wp-content\/uploads\/2024\/01\/Picsart_24-01-09_11-44-03-397-600x338.jpg?v=1715379831 600w, https:\/\/periodicolarepublica.com\/wp-content\/uploads\/2024\/01\/Picsart_24-01-09_11-44-03-397-696x392.jpg?v=1715379831 696w, https:\/\/periodicolarepublica.com\/wp-content\/uploads\/2024\/01\/Picsart_24-01-09_11-44-03-397-1392x783.jpg?v=1715379831 1392w, https:\/\/periodicolarepublica.com\/wp-content\/uploads\/2024\/01\/Picsart_24-01-09_11-44-03-397-1068x601.jpg?v=1715379831 1068w, https:\/\/periodicolarepublica.com\/wp-content\/uploads\/2024\/01\/Picsart_24-01-09_11-44-03-397-1920x1080.jpg?v=1715379831 1920w\" sizes=\"auto, (max-width: 300px) 100vw, 300px\" \/><\/p>\n<p>El grupo de medios La Rep\u00fablica, conformado por su peri\u00f3dico digital La Rep\u00fablica y su programa La Rep\u00fablica TV con transmisi\u00f3n por la Plataforma de El Nuevo Diario TV, han reconocido al Banco Popular Dominicano y a su vicepresidente en \u00e1rea de negocios tur\u00edsticos, por todos los aportes logrados en el \u00e1mbito de turismo para la Rep\u00fablica Dominicana.<\/p>\n<p>El equipo de La Rep\u00fablica TV y su peri\u00f3dico digital se han dado cita en los grandes escenarios de diferentes actividades nacionales e internacionales, como FITUR, Top Resa en Par\u00eds , WTM de Londres y otras actividades donde ha contado participaci\u00f3n David Collado el Ministro de Turismo, destacando la participaci\u00f3n activa de la instituci\u00f3n financiera, mediante la gesti\u00f3n en \u00e1mbito de turismo a Don Juan Manuel Mart\u00edn como vicepresidenta de esta \u00e1rea y que se hace acompa\u00f1ar de un gran equipo, para el logro de sus metas pautadas.<\/p>\n<p>La entrega del certificado de reconocimiento, se realiz\u00f3 por manos de la directiva del peri\u00f3dico digital La Rep\u00fablica, conformada por M\u00e1ximo Mi\u00f1oso y Hanfiel Polanco, al finalizar una entrevista a Mart\u00edn de Oliva, realizada en el programa que se transmite por El Nuevo Diario TV.<\/p>\n","protected":false},"excerpt":{"rendered":"<p>&nbsp; El grupo de medios La Rep\u00fablica, conformado por su peri\u00f3dico digital La Rep\u00fablica y su programa La Rep\u00fablica TV con transmisi\u00f3n por la Plataforma de El Nuevo Diario TV, han reconocido al Banco Popular Dominicano y a su vicepresidente en \u00e1rea de negocios tur\u00edsticos, por todos los aportes logrados en el \u00e1mbito de turismo [&hellip;]<\/p>\n","protected":false},"author":1,"featured_media":326,"comment_status":"open","ping_status":"open","sticky":false,"template":"","format":"standard","meta":{"om_disable_all_campaigns":false,"_monsterinsights_skip_tracking":false,"_monsterinsights_sitenote_active":false,"_monsterinsights_sitenote_note":"","_monsterinsights_sitenote_category":0,"footnotes":""},"categories":[20],"tags":[76,30,77,75,22],"class_list":{"0":"post-325","1":"post","2":"type-post","3":"status-publish","4":"format-standard","5":"has-post-thumbnail","7":"category-turismo","8":"tag-banco-popular-dominicano","9":"tag-david-collado","10":"tag-fitur","11":"tag-popularenlinea","12":"tag-turismo"},"aioseo_notices":[],"_links":{"self":[{"href":"https:\/\/periodicolarepublica.com\/index.php\/wp-json\/wp\/v2\/posts\/325","targetHints":{"allow":["GET"]}}],"collection":[{"href":"https:\/\/periodicolarepublica.com\/index.php\/wp-json\/wp\/v2\/posts"}],"about":[{"href":"https:\/\/periodicolarepublica.com\/index.php\/wp-json\/wp\/v2\/types\/post"}],"author":[{"embeddable":true,"href":"https:\/\/periodicolarepublica.com\/index.php\/wp-json\/wp\/v2\/users\/1"}],"replies":[{"embeddable":true,"href":"https:\/\/periodicolarepublica.com\/index.php\/wp-json\/wp\/v2\/comments?post=325"}],"version-history":[{"count":3,"href":"https:\/\/periodicolarepublica.com\/index.php\/wp-json\/wp\/v2\/posts\/325\/revisions"}],"predecessor-version":[{"id":330,"href":"https:\/\/periodicolarepublica.com\/index.php\/wp-json\/wp\/v2\/posts\/325\/revisions\/330"}],"wp:featuredmedia":[{"embeddable":true,"href":"https:\/\/periodicolarepublica.com\/index.php\/wp-json\/wp\/v2\/media\/326"}],"wp:attachment":[{"href":"https:\/\/periodicolarepublica.com\/index.php\/wp-json\/wp\/v2\/media?parent=325"}],"wp:term":[{"taxonomy":"category","embeddable":true,"href":"https:\/\/periodicolarepublica.com\/index.php\/wp-json\/wp\/v2\/categories?post=325"},{"taxonomy":"post_tag","embeddable":true,"href":"https:\/\/periodicolarepublica.com\/index.php\/wp-json\/wp\/v2\/tags?post=325"}],"curies":[{"name":"wp","href":"https:\/\/api.w.org\/{rel}","templated":true}]}}