{"id":3252,"date":"2025-05-09T18:03:31","date_gmt":"2025-05-09T16:03:31","guid":{"rendered":"https:\/\/periodicolarepublica.com\/?p=3252"},"modified":"2025-05-09T18:03:31","modified_gmt":"2025-05-09T16:03:31","slug":"ministerio-de-salud-refuerza-combate-contra-el-dengue-con-adquisicion-de-equipos-de-fumigacion","status":"publish","type":"post","link":"https:\/\/periodicolarepublica.com\/index.php\/2025\/05\/09\/ministerio-de-salud-refuerza-combate-contra-el-dengue-con-adquisicion-de-equipos-de-fumigacion\/","title":{"rendered":"Ministerio de Salud refuerza combate contra el dengue con adquisici\u00f3n de equipos de fumigaci\u00f3n"},"content":{"rendered":"<p>_Estas herramientas fueron entregadas por V\u00edctor Atallah a las Direcciones Provinciales y \u00c1rea de Salud (DPS\/DAS)_<\/p>\n<p>*Santo Domingo. \u2013* El Ministerio de Salud refuerza su exitoso combate a la propagaci\u00f3n del dengue con la adquisici\u00f3n de nuevas mochilas de fumigaci\u00f3n, entregadas a sus 40 Direcciones Provinciales y \u00c1reas de Salud (DPS\/DAS), para facilitar m\u00e1s las acciones preventivas contra la enfermedad en el territorio nacional.<\/p>\n<p>Al hacer entrega de los equipos, el ministro de Salud, V\u00edctor Atallah se mostr\u00f3 confiado en que el comportamiento del dengue ser\u00e1 mucho menor que el 2024, cuando se redujo en m\u00e1s de un 350% en comparaci\u00f3n con las proyecciones para esta regi\u00f3n.<\/p>\n<p>Record\u00f3 que ese resultado se produjo por las acciones realizadas por el Ministerio de Salud, a trav\u00e9s de la campa\u00f1a Elimina, Limpia y Tapa, que incluy\u00f3 descacharrizaci\u00f3n, limpieza, fumigaci\u00f3n, educaci\u00f3n e identificaci\u00f3n a poblaci\u00f3n sobre la importancia de eliminar los focos de producci\u00f3n del mosquito Aedes Aegypti.<\/p>\n<p>\u201cCon el combate del dengue en el 2024, logramos lo que otros pa\u00edses y organismos internacionales pensaban que no era posible\u201d, a\u00f1adi\u00f3 Atallah.<\/p>\n<p>Indic\u00f3 que organismos internacionales han resaltado la exitosa labor realizada por Rep\u00fablica Dominicana en contrarrestar al dengue, y est\u00e1n interesados en tomar al pa\u00eds como modelo en otras naciones.<\/p>\n<p>\u201cDesde mi llegada al Ministerio de Salud, he pensado que si el dengue es una amenaza de todos los a\u00f1os, podemos resolverlo con planificaci\u00f3n y acci\u00f3n\u201d, expres\u00f3.<\/p>\n<p>Invit\u00f3 a los responsables de las DPS\/DAS a continuar haciendo los mayores esfuerzos, junto a los grupos sociales, para mantener o mejorar los niveles de control del dengue, y \u201cno tengo la menor duda de que lo vamos a lograr, para lo cual les entregamos las herramientas necesarias, como las motos bombas de fumigaci\u00f3n y otras.\u201d<\/p>\n<p>Mientras que el viceministro, responsable de las Direcciones Provinciales de Salud, Luis Nelson Rosario, dijo que seguir\u00e1n trabajando para que los resultados sobre el control del dengue sean superiores al 2024&#8243;.<\/p>\n<p>Agradeci\u00f3 al ministro Atallah por la adquisici\u00f3n y entrega de las motos bombas de fumigaci\u00f3n, una de las herramientas principales para evitar la reproducci\u00f3n del mosquito Aedes Aegypti, junto con otras acciones, como el uso del abate y el cloro.<br \/>\n\u201cSi hacemos esas labores, junto a los ayuntamientos y los grupos sociales, vamos a tener los menores niveles de dengue, y otras enfermedades \u201d, agreg\u00f3.<\/p>\n<p>En esta actividad estuvieron presentes, adem\u00e1s, los viceministros de Salud Colectiva, doctor Eladio P\u00e9rez, de la Gesti\u00f3n de Riesgo y Medio Ambiente, doctora Gina Estrella, as\u00ed como los directores provinciales de Salud, entre otros colaboradores del Ministerio.<img loading=\"lazy\" decoding=\"async\" class=\"size-medium wp-image-3253 alignright\" src=\"https:\/\/periodicolarepublica.com\/wp-content\/uploads\/2025\/05\/IMG-20250509-WA0304-300x200.jpg\" alt=\"\" width=\"300\" height=\"200\" srcset=\"https:\/\/periodicolarepublica.com\/wp-content\/uploads\/2025\/05\/IMG-20250509-WA0304-300x200.jpg?v=1746806572 300w, https:\/\/periodicolarepublica.com\/wp-content\/uploads\/2025\/05\/IMG-20250509-WA0304-1024x683.jpg?v=1746806572 1024w, https:\/\/periodicolarepublica.com\/wp-content\/uploads\/2025\/05\/IMG-20250509-WA0304-768x512.jpg?v=1746806572 768w, https:\/\/periodicolarepublica.com\/wp-content\/uploads\/2025\/05\/IMG-20250509-WA0304-1536x1024.jpg?v=1746806572 1536w, https:\/\/periodicolarepublica.com\/wp-content\/uploads\/2025\/05\/IMG-20250509-WA0304-2048x1366.jpg?v=1746806572 2048w, https:\/\/periodicolarepublica.com\/wp-content\/uploads\/2025\/05\/IMG-20250509-WA0304-150x100.jpg?v=1746806572 150w, https:\/\/periodicolarepublica.com\/wp-content\/uploads\/2025\/05\/IMG-20250509-WA0304-600x400.jpg?v=1746806572 600w, https:\/\/periodicolarepublica.com\/wp-content\/uploads\/2025\/05\/IMG-20250509-WA0304-696x464.jpg?v=1746806572 696w, https:\/\/periodicolarepublica.com\/wp-content\/uploads\/2025\/05\/IMG-20250509-WA0304-1392x928.jpg?v=1746806572 1392w, https:\/\/periodicolarepublica.com\/wp-content\/uploads\/2025\/05\/IMG-20250509-WA0304-1068x712.jpg?v=1746806572 1068w, https:\/\/periodicolarepublica.com\/wp-content\/uploads\/2025\/05\/IMG-20250509-WA0304-1920x1280.jpg?v=1746806572 1920w\" sizes=\"auto, (max-width: 300px) 100vw, 300px\" \/><\/p>\n","protected":false},"excerpt":{"rendered":"<p>_Estas herramientas fueron entregadas por V\u00edctor Atallah a las Direcciones Provinciales y \u00c1rea de Salud (DPS\/DAS)_ *Santo Domingo. \u2013* El Ministerio de Salud refuerza su exitoso combate a la propagaci\u00f3n del dengue con la adquisici\u00f3n de nuevas mochilas de fumigaci\u00f3n, entregadas a sus 40 Direcciones Provinciales y \u00c1reas de Salud (DPS\/DAS), para facilitar m\u00e1s las [&hellip;]<\/p>\n","protected":false},"author":10,"featured_media":3253,"comment_status":"open","ping_status":"open","sticky":false,"template":"","format":"standard","meta":{"om_disable_all_campaigns":false,"_monsterinsights_skip_tracking":false,"_monsterinsights_sitenote_active":false,"_monsterinsights_sitenote_note":"","_monsterinsights_sitenote_category":0,"footnotes":""},"categories":[1],"tags":[159],"class_list":{"0":"post-3252","1":"post","2":"type-post","3":"status-publish","4":"format-standard","5":"has-post-thumbnail","7":"category-nacionales","8":"tag-ministro-de-salud-publica-victor-atallah"},"aioseo_notices":[],"_links":{"self":[{"href":"https:\/\/periodicolarepublica.com\/index.php\/wp-json\/wp\/v2\/posts\/3252","targetHints":{"allow":["GET"]}}],"collection":[{"href":"https:\/\/periodicolarepublica.com\/index.php\/wp-json\/wp\/v2\/posts"}],"about":[{"href":"https:\/\/periodicolarepublica.com\/index.php\/wp-json\/wp\/v2\/types\/post"}],"author":[{"embeddable":true,"href":"https:\/\/periodicolarepublica.com\/index.php\/wp-json\/wp\/v2\/users\/10"}],"replies":[{"embeddable":true,"href":"https:\/\/periodicolarepublica.com\/index.php\/wp-json\/wp\/v2\/comments?post=3252"}],"version-history":[{"count":1,"href":"https:\/\/periodicolarepublica.com\/index.php\/wp-json\/wp\/v2\/posts\/3252\/revisions"}],"predecessor-version":[{"id":3254,"href":"https:\/\/periodicolarepublica.com\/index.php\/wp-json\/wp\/v2\/posts\/3252\/revisions\/3254"}],"wp:featuredmedia":[{"embeddable":true,"href":"https:\/\/periodicolarepublica.com\/index.php\/wp-json\/wp\/v2\/media\/3253"}],"wp:attachment":[{"href":"https:\/\/periodicolarepublica.com\/index.php\/wp-json\/wp\/v2\/media?parent=3252"}],"wp:term":[{"taxonomy":"category","embeddable":true,"href":"https:\/\/periodicolarepublica.com\/index.php\/wp-json\/wp\/v2\/categories?post=3252"},{"taxonomy":"post_tag","embeddable":true,"href":"https:\/\/periodicolarepublica.com\/index.php\/wp-json\/wp\/v2\/tags?post=3252"}],"curies":[{"name":"wp","href":"https:\/\/api.w.org\/{rel}","templated":true}]}}