{"id":3255,"date":"2025-05-10T04:40:37","date_gmt":"2025-05-10T02:40:37","guid":{"rendered":"https:\/\/periodicolarepublica.com\/?p=3255"},"modified":"2025-05-10T04:40:37","modified_gmt":"2025-05-10T02:40:37","slug":"popular-adn-unibe-y-ampe-apoyan-a-menores-huerfanos-tras-tragedia","status":"publish","type":"post","link":"https:\/\/periodicolarepublica.com\/index.php\/2025\/05\/10\/popular-adn-unibe-y-ampe-apoyan-a-menores-huerfanos-tras-tragedia\/","title":{"rendered":"Popular, ADN, UNIBE y AMPE apoyan a menores hu\u00e9rfanos tras tragedia"},"content":{"rendered":"<p>Aporte solidario de RD$5.5 millones financiar\u00e1 terapias psicol\u00f3gicas, transporte y alimentaci\u00f3n de beneficiarios<\/p>\n<p>Santo Domingo, D.N. \u2013 El Banco Popular Dominicano firm\u00f3 un acuerdo de colaboraci\u00f3n con la Alcald\u00eda del Distrito Nacional (ADN), la Universidad Iberoamericana (UNIBE) y la Asociaci\u00f3n Mundial de Psicolog\u00eda en Emergencias (AMPE), para ofrecer acompa\u00f1amiento psicosocial a los ni\u00f1os y adolescentes hu\u00e9rfanos, a causa de la tr\u00e1gica madrugada del pasado 8 de abril.<\/p>\n<p>Gracias a esta alianza interinstitucional, se ampliar\u00e1 la cobertura para la ejecuci\u00f3n de un protocolo integral de intervenci\u00f3n sociofamiliar que priorizar\u00e1 la atenci\u00f3n para las familias con mayor nivel de vulnerabilidad.<\/p>\n<p>Como parte del acuerdo, el Banco Popular realizar\u00e1 un aporte de RD$5.5 millones, que cubrir\u00e1 tres meses de terapias psicol\u00f3gicas, servicios de transporte y alimentaci\u00f3n para los menores beneficiarios y sus tutores.<\/p>\n<p>La iniciativa la implementar\u00e1n equipos interdisciplinarios del Ministerio de Salud P\u00fablica, Consejo Nacional para la Ni\u00f1ez y la Adolescencia (CONANI) y Sup\u00e9rate, en coordinaci\u00f3n con las entidades aliadas.<\/p>\n<p>Las terapias se impartir\u00e1n cada s\u00e1bado de 11: 00 a.m. a 1:00 p.m. en el monumento Fray Antonio de Montesino, los interesados pueden solicitar informaci\u00f3n a trav\u00e9s del correo rossy.trinidad@adn.gob.do<\/p>\n<p><img loading=\"lazy\" decoding=\"async\" class=\"alignnone size-medium wp-image-3259\" src=\"https:\/\/periodicolarepublica.com\/wp-content\/uploads\/2025\/05\/AND09031-scaled-e1746844759886-300x275.jpg\" alt=\"\" width=\"300\" height=\"275\" \/><\/p>\n","protected":false},"excerpt":{"rendered":"<p>Aporte solidario de RD$5.5 millones financiar\u00e1 terapias psicol\u00f3gicas, transporte y alimentaci\u00f3n de beneficiarios Santo Domingo, D.N. \u2013 El Banco Popular Dominicano firm\u00f3 un acuerdo de colaboraci\u00f3n con la Alcald\u00eda del Distrito Nacional (ADN), la Universidad Iberoamericana (UNIBE) y la Asociaci\u00f3n Mundial de Psicolog\u00eda en Emergencias (AMPE), para ofrecer acompa\u00f1amiento psicosocial a los ni\u00f1os y adolescentes [&hellip;]<\/p>\n","protected":false},"author":6,"featured_media":3259,"comment_status":"open","ping_status":"open","sticky":false,"template":"","format":"standard","meta":{"om_disable_all_campaigns":false,"_monsterinsights_skip_tracking":false,"_monsterinsights_sitenote_active":false,"_monsterinsights_sitenote_note":"","_monsterinsights_sitenote_category":0,"footnotes":""},"categories":[1],"tags":[],"class_list":{"0":"post-3255","1":"post","2":"type-post","3":"status-publish","4":"format-standard","5":"has-post-thumbnail","7":"category-nacionales"},"aioseo_notices":[],"_links":{"self":[{"href":"https:\/\/periodicolarepublica.com\/index.php\/wp-json\/wp\/v2\/posts\/3255","targetHints":{"allow":["GET"]}}],"collection":[{"href":"https:\/\/periodicolarepublica.com\/index.php\/wp-json\/wp\/v2\/posts"}],"about":[{"href":"https:\/\/periodicolarepublica.com\/index.php\/wp-json\/wp\/v2\/types\/post"}],"author":[{"embeddable":true,"href":"https:\/\/periodicolarepublica.com\/index.php\/wp-json\/wp\/v2\/users\/6"}],"replies":[{"embeddable":true,"href":"https:\/\/periodicolarepublica.com\/index.php\/wp-json\/wp\/v2\/comments?post=3255"}],"version-history":[{"count":1,"href":"https:\/\/periodicolarepublica.com\/index.php\/wp-json\/wp\/v2\/posts\/3255\/revisions"}],"predecessor-version":[{"id":3260,"href":"https:\/\/periodicolarepublica.com\/index.php\/wp-json\/wp\/v2\/posts\/3255\/revisions\/3260"}],"wp:featuredmedia":[{"embeddable":true,"href":"https:\/\/periodicolarepublica.com\/index.php\/wp-json\/wp\/v2\/media\/3259"}],"wp:attachment":[{"href":"https:\/\/periodicolarepublica.com\/index.php\/wp-json\/wp\/v2\/media?parent=3255"}],"wp:term":[{"taxonomy":"category","embeddable":true,"href":"https:\/\/periodicolarepublica.com\/index.php\/wp-json\/wp\/v2\/categories?post=3255"},{"taxonomy":"post_tag","embeddable":true,"href":"https:\/\/periodicolarepublica.com\/index.php\/wp-json\/wp\/v2\/tags?post=3255"}],"curies":[{"name":"wp","href":"https:\/\/api.w.org\/{rel}","templated":true}]}}