{"id":3261,"date":"2025-05-11T16:09:13","date_gmt":"2025-05-11T14:09:13","guid":{"rendered":"https:\/\/periodicolarepublica.com\/?p=3261"},"modified":"2025-05-11T16:09:13","modified_gmt":"2025-05-11T14:09:13","slug":"estudiantes-de-uasd-centro-monte-plata-reconocen-a-giovanny-cristina-sanchez-de-taveras-catedratica-de-letras-basicas-i-y-ii-por-su-excelente-desempeno-durante-el-semestre-2025-1","status":"publish","type":"post","link":"https:\/\/periodicolarepublica.com\/index.php\/2025\/05\/11\/estudiantes-de-uasd-centro-monte-plata-reconocen-a-giovanny-cristina-sanchez-de-taveras-catedratica-de-letras-basicas-i-y-ii-por-su-excelente-desempeno-durante-el-semestre-2025-1\/","title":{"rendered":"Estudiantes de UASD, Centro Monte Plata, reconocen a Giovanny Cristina S\u00e1nchez de Taveras, catedr\u00e1tica de Letras B\u00e1sicas I y II, por su excelente desempe\u00f1o durante el semestre 2025-1"},"content":{"rendered":"<p>Monte Plata, R.D. \u2013 En un ambiente cargado de emociones y gratitud, los estudiantes del Centro UASD-Monte Plata rindieron homenaje a la profesora Giovanny Cristina S\u00e1nchez de Taveras, docente de Letras B\u00e1sicas I y II, en reconocimiento a su extraordinario desempe\u00f1o durante el semestre 2025-1.<\/p>\n<p>&nbsp;<\/p>\n<p>El acto, organizado por los propios alumnos, se celebr\u00f3 en un sal\u00f3n de clases del recinto, donde le fue entregado un certificado de reconocimiento como muestra del aprecio y respeto que ha sabido ganarse por su dedicaci\u00f3n, excelencia acad\u00e9mica y cercan\u00eda humana.<\/p>\n<p>&nbsp;<\/p>\n<p>Durante la entrega, una estudiantes ofreci\u00f3 palabras de agradecimiento y destacar\u00f3 su paciencia, su enfoque inclusivo y su habilidad para motivarlos a desarrollar su pensamiento cr\u00edtico y creativo. \u201cM\u00e1s all\u00e1 del contenido, nos ense\u00f1\u00f3 a creer en nosotros mismos\u201d, expres\u00f3 una estudiante de Letras 012.<\/p>\n<p>&nbsp;<\/p>\n<p>Visiblemente conmovida, la profesora Giovanny Cristina S\u00e1nchez de Taveras comparti\u00f3 unas palabras que reflejan su vocaci\u00f3n y amor por la ense\u00f1anza:<\/p>\n<p>\u201cCada clase que imparto la vivo como una oportunidad para sembrar futuro. Este gesto me llena el alma y me recuerda que ense\u00f1ar es un privilegio. Gracias por permitirme acompa\u00f1arles en este proceso de transformaci\u00f3n personal y acad\u00e9mica.\u201d<\/p>\n<p>El concluy\u00f3 con fotograf\u00edas, abrazos sinceros y el compromiso de seguir construyendo una comunidad educativa basada en el respeto, la calidad y la esperanza.<\/p>\n<p>\ud83d\udcf8 [Aqu\u00ed puede colocarse una fotograf\u00eda del acto de reconocimiento, preferiblemente con la profesora y los estudiantes en el momento de la entrega de la placa.]<\/p>\n<p>Este reconocimiento no solo enaltece la labor de una docente ejemplar, sino que tambi\u00e9n evidencia el impacto positivo que una ense\u00f1anza humanista y comprometida puede generar en las nuevas generaciones de universitarios dominicanos.<img loading=\"lazy\" decoding=\"async\" class=\"size-medium wp-image-3262 alignright\" src=\"https:\/\/periodicolarepublica.com\/wp-content\/uploads\/2025\/05\/IMG-20250511-WA0138-285x300.jpg\" alt=\"\" width=\"285\" height=\"300\" \/><\/p>\n","protected":false},"excerpt":{"rendered":"<p>Monte Plata, R.D. \u2013 En un ambiente cargado de emociones y gratitud, los estudiantes del Centro UASD-Monte Plata rindieron homenaje a la profesora Giovanny Cristina S\u00e1nchez de Taveras, docente de Letras B\u00e1sicas I y II, en reconocimiento a su extraordinario desempe\u00f1o durante el semestre 2025-1. &nbsp; El acto, organizado por los propios alumnos, se celebr\u00f3 [&hellip;]<\/p>\n","protected":false},"author":10,"featured_media":0,"comment_status":"open","ping_status":"open","sticky":false,"template":"","format":"standard","meta":{"om_disable_all_campaigns":false,"_monsterinsights_skip_tracking":false,"_monsterinsights_sitenote_active":false,"_monsterinsights_sitenote_note":"","_monsterinsights_sitenote_category":0,"footnotes":""},"categories":[1],"tags":[],"class_list":{"0":"post-3261","1":"post","2":"type-post","3":"status-publish","4":"format-standard","6":"category-nacionales"},"aioseo_notices":[],"_links":{"self":[{"href":"https:\/\/periodicolarepublica.com\/index.php\/wp-json\/wp\/v2\/posts\/3261","targetHints":{"allow":["GET"]}}],"collection":[{"href":"https:\/\/periodicolarepublica.com\/index.php\/wp-json\/wp\/v2\/posts"}],"about":[{"href":"https:\/\/periodicolarepublica.com\/index.php\/wp-json\/wp\/v2\/types\/post"}],"author":[{"embeddable":true,"href":"https:\/\/periodicolarepublica.com\/index.php\/wp-json\/wp\/v2\/users\/10"}],"replies":[{"embeddable":true,"href":"https:\/\/periodicolarepublica.com\/index.php\/wp-json\/wp\/v2\/comments?post=3261"}],"version-history":[{"count":1,"href":"https:\/\/periodicolarepublica.com\/index.php\/wp-json\/wp\/v2\/posts\/3261\/revisions"}],"predecessor-version":[{"id":3263,"href":"https:\/\/periodicolarepublica.com\/index.php\/wp-json\/wp\/v2\/posts\/3261\/revisions\/3263"}],"wp:attachment":[{"href":"https:\/\/periodicolarepublica.com\/index.php\/wp-json\/wp\/v2\/media?parent=3261"}],"wp:term":[{"taxonomy":"category","embeddable":true,"href":"https:\/\/periodicolarepublica.com\/index.php\/wp-json\/wp\/v2\/categories?post=3261"},{"taxonomy":"post_tag","embeddable":true,"href":"https:\/\/periodicolarepublica.com\/index.php\/wp-json\/wp\/v2\/tags?post=3261"}],"curies":[{"name":"wp","href":"https:\/\/api.w.org\/{rel}","templated":true}]}}