{"id":3266,"date":"2025-05-14T13:26:20","date_gmt":"2025-05-14T11:26:20","guid":{"rendered":"https:\/\/periodicolarepublica.com\/?p=3266"},"modified":"2025-05-14T13:26:20","modified_gmt":"2025-05-14T11:26:20","slug":"carolina-mejia-y-su-estructura-politica","status":"publish","type":"post","link":"https:\/\/periodicolarepublica.com\/index.php\/2025\/05\/14\/carolina-mejia-y-su-estructura-politica\/","title":{"rendered":"Carolina Mej\u00eda y su estructura pol\u00edtica"},"content":{"rendered":"<p>Aunque a\u00fan falta mucho para las contiendas electorales internas de los partidos y nacionales, el imaginario colectivo no deja de poner en conversaci\u00f3n el tema de los presidenciables del PRM.<\/p>\n<p>La semana pasada Carolina Mej\u00eda figur\u00f3 como la presidenciable con mayor cantidad de diputados que apoyan su proyecto, seg\u00fan public\u00f3 un medio de comunicaci\u00f3n que se ha caracterizado por la investigaci\u00f3n.<\/p>\n<p>Ese mismo medio en otro estudio, tambi\u00e9n posicionaba a Carolina junto a \u201cYayo\u201d, como los que m\u00e1s senadores tienen en la matr\u00edcula del PRM.<\/p>\n<p>Ahora se publica tambi\u00e9n que ella tiene una cantidad notable de alcaldes que han declarado su apoyo al proyecto presidencial que la dama encabeza, con lo que valida una profundidad estructural s\u00f3lida.<\/p>\n<p>En ese orden hay que destacar que los alcaldes que apoyan a Carolina revisten una importancia electoral superlativa, partiendo del fardo de votos que representan sus respectivas demarcaciones.<\/p>\n<p>Lo cierto es que a m\u00e1s de uno le ha sorprendido de c\u00f3mo la alcaldesa de la capital se ha estructurado cuando ha mantenido un perfil prudente, para no decir bajo, en cuanto a la din\u00e1mica pol\u00edtica actual, en la que incluso algunos ya han lanzado p\u00fablicamente sus aspiraciones presidenciales en los medios de comunicaci\u00f3n y actos p\u00fablicos.<\/p>\n<p>Bajo ese contexto un empresario hotelero se me acerc\u00f3 y me dijo tras ver la publicaci\u00f3n del estudio al que hacemos referencia, que se sorprend\u00eda que ella tuviera este nivel de estructuraci\u00f3n tan profundo, cuando siempre se dec\u00eda que eran otros los due\u00f1os de semejantes estructuras dentro del partido.<\/p>\n<p>Lo cierto es que en lo municipal Carolina ha tenido una gesti\u00f3n limpia, apegada a las normativas que la rigen toda vez que se evidencian unos resultados m\u00e1s all\u00e1 de toda duda, los cuales hablan por s\u00ed solos y le sustentan en el tiempo.<\/p>\n<p>Sus m\u00e1s de 25 a\u00f1os en el ruedo pol\u00edtico jugando un papel activo y desde hace algunos once a\u00f1os como figura pol\u00edtica, le permiten echar esas ra\u00edces profundas que exhibe hoy.<\/p>\n<p>Y es que lo de Carolina es sin prisa, pero sin pausa, creando unos cimientos tan profundos que son capaces de sustentar el peso de lo que pudiera venir, al tiempo de sortear cualquier ventarr\u00f3n huracanado que a veces en la pol\u00edtica sorprende al m\u00e1s incauto.<\/p>\n<p>Esta demostraci\u00f3n evidencia la simpat\u00eda que est\u00e1 levantando Carolina con su trabajo como resultado de mantener una pol\u00edtica cercana a la gente, solidaria con sus compa\u00f1eros y presencia permanente en las calles del Distrito Nacional.<\/p>\n<p>-Alfredo Garc\u00eda<\/p>\n<p>IG @alfreditogarciapr<img loading=\"lazy\" decoding=\"async\" class=\"alignnone size-medium wp-image-2840\" src=\"https:\/\/periodicolarepublica.com\/wp-content\/uploads\/2025\/03\/IMG_20250313_085213-e1747221869140-300x251.jpg\" alt=\"\" width=\"300\" height=\"251\" srcset=\"https:\/\/periodicolarepublica.com\/wp-content\/uploads\/2025\/03\/IMG_20250313_085213-e1747221869140-300x251.jpg?v=1741875132 300w, https:\/\/periodicolarepublica.com\/wp-content\/uploads\/2025\/03\/IMG_20250313_085213-e1747221869140-768x643.jpg?v=1741875132 768w, https:\/\/periodicolarepublica.com\/wp-content\/uploads\/2025\/03\/IMG_20250313_085213-e1747221869140-150x126.jpg?v=1741875132 150w, https:\/\/periodicolarepublica.com\/wp-content\/uploads\/2025\/03\/IMG_20250313_085213-e1747221869140-600x502.jpg?v=1741875132 600w, https:\/\/periodicolarepublica.com\/wp-content\/uploads\/2025\/03\/IMG_20250313_085213-e1747221869140-696x582.jpg?v=1741875132 696w, https:\/\/periodicolarepublica.com\/wp-content\/uploads\/2025\/03\/IMG_20250313_085213-e1747221869140.jpg?v=1741875132 815w\" sizes=\"auto, (max-width: 300px) 100vw, 300px\" \/><\/p>\n","protected":false},"excerpt":{"rendered":"<p>Aunque a\u00fan falta mucho para las contiendas electorales internas de los partidos y nacionales, el imaginario colectivo no deja de poner en conversaci\u00f3n el tema de los presidenciables del PRM. La semana pasada Carolina Mej\u00eda figur\u00f3 como la presidenciable con mayor cantidad de diputados que apoyan su proyecto, seg\u00fan public\u00f3 un medio de comunicaci\u00f3n que [&hellip;]<\/p>\n","protected":false},"author":6,"featured_media":2840,"comment_status":"open","ping_status":"open","sticky":false,"template":"","format":"standard","meta":{"om_disable_all_campaigns":false,"_monsterinsights_skip_tracking":false,"_monsterinsights_sitenote_active":false,"_monsterinsights_sitenote_note":"","_monsterinsights_sitenote_category":0,"footnotes":""},"categories":[1],"tags":[],"class_list":{"0":"post-3266","1":"post","2":"type-post","3":"status-publish","4":"format-standard","5":"has-post-thumbnail","7":"category-nacionales"},"aioseo_notices":[],"_links":{"self":[{"href":"https:\/\/periodicolarepublica.com\/index.php\/wp-json\/wp\/v2\/posts\/3266","targetHints":{"allow":["GET"]}}],"collection":[{"href":"https:\/\/periodicolarepublica.com\/index.php\/wp-json\/wp\/v2\/posts"}],"about":[{"href":"https:\/\/periodicolarepublica.com\/index.php\/wp-json\/wp\/v2\/types\/post"}],"author":[{"embeddable":true,"href":"https:\/\/periodicolarepublica.com\/index.php\/wp-json\/wp\/v2\/users\/6"}],"replies":[{"embeddable":true,"href":"https:\/\/periodicolarepublica.com\/index.php\/wp-json\/wp\/v2\/comments?post=3266"}],"version-history":[{"count":1,"href":"https:\/\/periodicolarepublica.com\/index.php\/wp-json\/wp\/v2\/posts\/3266\/revisions"}],"predecessor-version":[{"id":3267,"href":"https:\/\/periodicolarepublica.com\/index.php\/wp-json\/wp\/v2\/posts\/3266\/revisions\/3267"}],"wp:featuredmedia":[{"embeddable":true,"href":"https:\/\/periodicolarepublica.com\/index.php\/wp-json\/wp\/v2\/media\/2840"}],"wp:attachment":[{"href":"https:\/\/periodicolarepublica.com\/index.php\/wp-json\/wp\/v2\/media?parent=3266"}],"wp:term":[{"taxonomy":"category","embeddable":true,"href":"https:\/\/periodicolarepublica.com\/index.php\/wp-json\/wp\/v2\/categories?post=3266"},{"taxonomy":"post_tag","embeddable":true,"href":"https:\/\/periodicolarepublica.com\/index.php\/wp-json\/wp\/v2\/tags?post=3266"}],"curies":[{"name":"wp","href":"https:\/\/api.w.org\/{rel}","templated":true}]}}