{"id":3268,"date":"2025-05-14T13:32:33","date_gmt":"2025-05-14T11:32:33","guid":{"rendered":"https:\/\/periodicolarepublica.com\/?p=3268"},"modified":"2025-05-14T13:32:33","modified_gmt":"2025-05-14T11:32:33","slug":"director-del-911-recibe-reconocimiento-en-ee-uu-por-liderazgo-en-emergencias","status":"publish","type":"post","link":"https:\/\/periodicolarepublica.com\/index.php\/2025\/05\/14\/director-del-911-recibe-reconocimiento-en-ee-uu-por-liderazgo-en-emergencias\/","title":{"rendered":"Director del 911 recibe reconocimiento en EE.\u202fUU. por liderazgo en emergencias"},"content":{"rendered":"<p>El reconocimiento se realiz\u00f3 como parte de una ceremonia oficial en la ciudad Albany, donde legisladores estatales de origen dominicano destacaron el papel del coronel Rijo G\u00f3mez en la respuesta a emergencias en la Rep\u00fablica Dominicana.<\/p>\n<p>&nbsp;<\/p>\n<p>&nbsp;<\/p>\n<p>&nbsp;<\/p>\n<p>Estados Unidos de Am\u00e9rica, 13 de mayo de 2025. \u2013 El director ejecutivo del Sistema Nacional de Atenci\u00f3n a Emergencias y Seguridad 911, coronel piloto, Randolfo Rijo G\u00f3mez, ERD, fue reconocido por el Senado del Estado de Nueva York, en un acto encabezado por el senador estatal, Luis Sep\u00falveda, junto a los cinco asamble\u00edstas de origen dominicano George \u00c1lvarez, Yudelka Tapia, Karin\u00e9s Reyes, Manny De Los Santos y Amanda S\u00e9ptimo<\/p>\n<p>Durante la ceremonia, celebrada en el Capitolio Estatal, las autoridades estadounidenses entregaron una proclama de reconocimiento a Rijo G\u00f3mez, en m\u00e9rito a su liderazgo, eficiencia y su compromiso con la protecci\u00f3n ciudadana.<\/p>\n<p>&nbsp;<\/p>\n<p>En ese sentido, el senador Sep\u00falveda destac\u00f3 el rol fundamental del Sistema 911 en la coordinaci\u00f3n de la respuesta ante situaciones cr\u00edticas, como el reciente colapso del establecimiento Jet Set, ocurrido el pasado ocho de abril en Santo Domingo. \u201cEste reconocimiento es una muestra de gratitud y respeto por el trabajo incansable que realizan para salvar vidas y fortalecer nuestras instituciones\u201d, expres\u00f3<\/p>\n<p>&nbsp;<\/p>\n<p>Fuente externa <img loading=\"lazy\" decoding=\"async\" class=\"alignnone size-medium wp-image-2864\" src=\"https:\/\/periodicolarepublica.com\/wp-content\/uploads\/2025\/03\/portada_informe-300x169.jpg\" alt=\"\" width=\"300\" height=\"169\" srcset=\"https:\/\/periodicolarepublica.com\/wp-content\/uploads\/2025\/03\/portada_informe-300x169.jpg?v=1742212199 300w, https:\/\/periodicolarepublica.com\/wp-content\/uploads\/2025\/03\/portada_informe-1024x577.jpg?v=1742212199 1024w, https:\/\/periodicolarepublica.com\/wp-content\/uploads\/2025\/03\/portada_informe-768x433.jpg?v=1742212199 768w, https:\/\/periodicolarepublica.com\/wp-content\/uploads\/2025\/03\/portada_informe-1536x866.jpg?v=1742212199 1536w, https:\/\/periodicolarepublica.com\/wp-content\/uploads\/2025\/03\/portada_informe-150x85.jpg?v=1742212199 150w, https:\/\/periodicolarepublica.com\/wp-content\/uploads\/2025\/03\/portada_informe-600x338.jpg?v=1742212199 600w, https:\/\/periodicolarepublica.com\/wp-content\/uploads\/2025\/03\/portada_informe-696x392.jpg?v=1742212199 696w, https:\/\/periodicolarepublica.com\/wp-content\/uploads\/2025\/03\/portada_informe-1392x784.jpg?v=1742212199 1392w, https:\/\/periodicolarepublica.com\/wp-content\/uploads\/2025\/03\/portada_informe-1068x602.jpg?v=1742212199 1068w, https:\/\/periodicolarepublica.com\/wp-content\/uploads\/2025\/03\/portada_informe.jpg?v=1742212199 1597w\" sizes=\"auto, (max-width: 300px) 100vw, 300px\" \/><\/p>\n","protected":false},"excerpt":{"rendered":"<p>El reconocimiento se realiz\u00f3 como parte de una ceremonia oficial en la ciudad Albany, donde legisladores estatales de origen dominicano destacaron el papel del coronel Rijo G\u00f3mez en la respuesta a emergencias en la Rep\u00fablica Dominicana. &nbsp; &nbsp; &nbsp; Estados Unidos de Am\u00e9rica, 13 de mayo de 2025. \u2013 El director ejecutivo del Sistema Nacional [&hellip;]<\/p>\n","protected":false},"author":6,"featured_media":2864,"comment_status":"open","ping_status":"open","sticky":false,"template":"","format":"standard","meta":{"om_disable_all_campaigns":false,"_monsterinsights_skip_tracking":false,"_monsterinsights_sitenote_active":false,"_monsterinsights_sitenote_note":"","_monsterinsights_sitenote_category":0,"footnotes":""},"categories":[1],"tags":[],"class_list":{"0":"post-3268","1":"post","2":"type-post","3":"status-publish","4":"format-standard","5":"has-post-thumbnail","7":"category-nacionales"},"aioseo_notices":[],"_links":{"self":[{"href":"https:\/\/periodicolarepublica.com\/index.php\/wp-json\/wp\/v2\/posts\/3268","targetHints":{"allow":["GET"]}}],"collection":[{"href":"https:\/\/periodicolarepublica.com\/index.php\/wp-json\/wp\/v2\/posts"}],"about":[{"href":"https:\/\/periodicolarepublica.com\/index.php\/wp-json\/wp\/v2\/types\/post"}],"author":[{"embeddable":true,"href":"https:\/\/periodicolarepublica.com\/index.php\/wp-json\/wp\/v2\/users\/6"}],"replies":[{"embeddable":true,"href":"https:\/\/periodicolarepublica.com\/index.php\/wp-json\/wp\/v2\/comments?post=3268"}],"version-history":[{"count":1,"href":"https:\/\/periodicolarepublica.com\/index.php\/wp-json\/wp\/v2\/posts\/3268\/revisions"}],"predecessor-version":[{"id":3269,"href":"https:\/\/periodicolarepublica.com\/index.php\/wp-json\/wp\/v2\/posts\/3268\/revisions\/3269"}],"wp:featuredmedia":[{"embeddable":true,"href":"https:\/\/periodicolarepublica.com\/index.php\/wp-json\/wp\/v2\/media\/2864"}],"wp:attachment":[{"href":"https:\/\/periodicolarepublica.com\/index.php\/wp-json\/wp\/v2\/media?parent=3268"}],"wp:term":[{"taxonomy":"category","embeddable":true,"href":"https:\/\/periodicolarepublica.com\/index.php\/wp-json\/wp\/v2\/categories?post=3268"},{"taxonomy":"post_tag","embeddable":true,"href":"https:\/\/periodicolarepublica.com\/index.php\/wp-json\/wp\/v2\/tags?post=3268"}],"curies":[{"name":"wp","href":"https:\/\/api.w.org\/{rel}","templated":true}]}}