{"id":3273,"date":"2025-05-14T18:35:10","date_gmt":"2025-05-14T16:35:10","guid":{"rendered":"https:\/\/periodicolarepublica.com\/?p=3273"},"modified":"2025-05-14T18:37:46","modified_gmt":"2025-05-14T16:37:46","slug":"ministerio-de-salud-publica-reafirma-su-compromiso-con-una-gestion-etica-y-responsable-ante-huelga-del-colegio-medico-dominicano","status":"publish","type":"post","link":"https:\/\/periodicolarepublica.com\/index.php\/2025\/05\/14\/ministerio-de-salud-publica-reafirma-su-compromiso-con-una-gestion-etica-y-responsable-ante-huelga-del-colegio-medico-dominicano\/","title":{"rendered":"Ministerio de Salud P\u00fablica reafirma su compromiso con una gesti\u00f3n \u00e9tica y responsable ante huelga del Colegio M\u00e9dico Dominicano"},"content":{"rendered":"<p>Santo Domingo, -El Ministerio de Salud P\u00fablica (MSP) informa a la ciudadan\u00eda que, pese al paro nacional convocado por el Colegio M\u00e9dico Dominicano (CMD), mantiene su compromiso firme con una gesti\u00f3n \u00e9tica, eficiente y centrada en garantizar el acceso a servicios de salud dignos y oportunos para toda la poblaci\u00f3n.<\/p>\n<p>&nbsp;<\/p>\n<p>La huelga encabezada por el Dr. Waldo Ariel Suero, presidente del CMD, ha afectado el funcionamiento de diversos hospitales del pa\u00eds, provocando serias dificultades en la atenci\u00f3n m\u00e9dica. Esta medida, seg\u00fan las autoridades, carece de fundamento leg\u00edtimo, ya que responde a cuestionamientos por procesos de regularizaci\u00f3n laboral y rendici\u00f3n de cuentas aplicados a personal que no cumpl\u00eda con sus responsabilidades.<\/p>\n<p>&nbsp;<\/p>\n<p>El Ministerio aclara que las acciones administrativas realizadas no buscan perseguir a ning\u00fan sector, sino garantizar que los recursos del Estado se utilicen de manera responsable y que el personal de salud cumpla con sus deberes. \u00abNo podemos permitir que se normalice el cobro de salarios sin la debida contraprestaci\u00f3n de servicios\u00bb, afirm\u00f3 el ministro de Salud P\u00fablica.<\/p>\n<p>&nbsp;<\/p>\n<p>En este sentido, el MSP lamenta que el CMD haya optado por una v\u00eda de confrontaci\u00f3n, afectando de manera directa a pacientes vulnerables que necesitan atenci\u00f3n diaria. \u00abLa salud del pueblo dominicano no debe ser utilizada como herramienta de presi\u00f3n gremial\u00bb, enfatiz\u00f3 el ministro.<\/p>\n<p>&nbsp;<\/p>\n<p>Asimismo, se reitera que este ministerio ha mantenido siempre la disposici\u00f3n al di\u00e1logo abierto y respetuoso, pero no negociar\u00e1 bajo presi\u00f3n ni en detrimento del inter\u00e9s colectivo. La institucionalidad debe prevalecer por encima de intereses particulares o pol\u00edticos.<\/p>\n<p>&nbsp;<\/p>\n<p>El Ministerio agradece a los m\u00e9dicos y enfermeras que, con vocaci\u00f3n de servicio, han mantenido sus labores a pesar del llamado a paro. Su compromiso con la salud p\u00fablica representa un ejemplo para el pa\u00eds y fortalece la confianza ciudadana en el sistema.<\/p>\n<p>&nbsp;<\/p>\n<p>Se hace un llamado al presidente del CMD y a toda la directiva m\u00e9dica a reconsiderar su postura, retomar el di\u00e1logo y anteponer el bienestar de los dominicanos por encima de cualquier diferencia. La salud no puede ser reh\u00e9n de caprichos ni agendas ajenas al inter\u00e9s com\u00fan.<\/p>\n<p>&nbsp;<\/p>\n<p>Finalmente, el Ministerio de Salud P\u00fablica reitera su misi\u00f3n de garantizar una atenci\u00f3n sanitaria de calidad, con transparencia y responsabilidad, trabajando d\u00eda a d\u00eda por un sistema m\u00e1s justo, humano y eficiente.<img loading=\"lazy\" decoding=\"async\" class=\"size-medium wp-image-2004 alignright\" src=\"https:\/\/periodicolarepublica.com\/wp-content\/uploads\/2024\/11\/IMG-20241014-WA0026-300x200.jpg\" alt=\"\" width=\"300\" height=\"200\" \/><\/p>\n","protected":false},"excerpt":{"rendered":"<p>Santo Domingo, -El Ministerio de Salud P\u00fablica (MSP) informa a la ciudadan\u00eda que, pese al paro nacional convocado por el Colegio M\u00e9dico Dominicano (CMD), mantiene su compromiso firme con una gesti\u00f3n \u00e9tica, eficiente y centrada en garantizar el acceso a servicios de salud dignos y oportunos para toda la poblaci\u00f3n. &nbsp; La huelga encabezada por [&hellip;]<\/p>\n","protected":false},"author":10,"featured_media":2054,"comment_status":"open","ping_status":"open","sticky":false,"template":"","format":"standard","meta":{"om_disable_all_campaigns":false,"_monsterinsights_skip_tracking":false,"_monsterinsights_sitenote_active":false,"_monsterinsights_sitenote_note":"","_monsterinsights_sitenote_category":0,"footnotes":""},"categories":[1],"tags":[159],"class_list":{"0":"post-3273","1":"post","2":"type-post","3":"status-publish","4":"format-standard","5":"has-post-thumbnail","7":"category-nacionales","8":"tag-ministro-de-salud-publica-victor-atallah"},"aioseo_notices":[],"_links":{"self":[{"href":"https:\/\/periodicolarepublica.com\/index.php\/wp-json\/wp\/v2\/posts\/3273","targetHints":{"allow":["GET"]}}],"collection":[{"href":"https:\/\/periodicolarepublica.com\/index.php\/wp-json\/wp\/v2\/posts"}],"about":[{"href":"https:\/\/periodicolarepublica.com\/index.php\/wp-json\/wp\/v2\/types\/post"}],"author":[{"embeddable":true,"href":"https:\/\/periodicolarepublica.com\/index.php\/wp-json\/wp\/v2\/users\/10"}],"replies":[{"embeddable":true,"href":"https:\/\/periodicolarepublica.com\/index.php\/wp-json\/wp\/v2\/comments?post=3273"}],"version-history":[{"count":2,"href":"https:\/\/periodicolarepublica.com\/index.php\/wp-json\/wp\/v2\/posts\/3273\/revisions"}],"predecessor-version":[{"id":3275,"href":"https:\/\/periodicolarepublica.com\/index.php\/wp-json\/wp\/v2\/posts\/3273\/revisions\/3275"}],"wp:featuredmedia":[{"embeddable":true,"href":"https:\/\/periodicolarepublica.com\/index.php\/wp-json\/wp\/v2\/media\/2054"}],"wp:attachment":[{"href":"https:\/\/periodicolarepublica.com\/index.php\/wp-json\/wp\/v2\/media?parent=3273"}],"wp:term":[{"taxonomy":"category","embeddable":true,"href":"https:\/\/periodicolarepublica.com\/index.php\/wp-json\/wp\/v2\/categories?post=3273"},{"taxonomy":"post_tag","embeddable":true,"href":"https:\/\/periodicolarepublica.com\/index.php\/wp-json\/wp\/v2\/tags?post=3273"}],"curies":[{"name":"wp","href":"https:\/\/api.w.org\/{rel}","templated":true}]}}