{"id":3276,"date":"2025-05-14T19:04:26","date_gmt":"2025-05-14T17:04:26","guid":{"rendered":"https:\/\/periodicolarepublica.com\/?p=3276"},"modified":"2025-05-14T19:04:26","modified_gmt":"2025-05-14T17:04:26","slug":"asdn-inicia-entrega-de-pago-de-prestaciones-laborales-a-excolaboradores","status":"publish","type":"post","link":"https:\/\/periodicolarepublica.com\/index.php\/2025\/05\/14\/asdn-inicia-entrega-de-pago-de-prestaciones-laborales-a-excolaboradores\/","title":{"rendered":"ASDN inicia entrega de pago de prestaciones laborales a excolaboradores"},"content":{"rendered":"<p>Monto total supera los RD$47 MM<\/p>\n<p>Santo Domingo Norte, R.D.- La Alcald\u00eda de Santo Domingo Norte (ASDN) dio inicio a la primera etapa de entrega de pagos de las prestaciones laborales a sus excolaboradores, cuyas desvinculaciones se produjeron desde el a\u00f1o 2006 hasta la actual gesti\u00f3n.<\/p>\n<p>&nbsp;<\/p>\n<p>Para esta primera parte se ha destinado un monto de RD$6,341,495 pesos (seis millones 341 mil 495 pesos), correspondiente a unos 216 exempleados, a los cuales previamente se les validaron sus datos.<\/p>\n<p>&nbsp;<\/p>\n<p>La alcaldesa Betty Ger\u00f3nimo, quien encabez\u00f3 el acto, afirm\u00f3 que con esta entrega da cumplimiento a una promesa hecha durante su discurso de rendici\u00f3n de cuentas por el primer a\u00f1o de gesti\u00f3n.<\/p>\n<p>&nbsp;<\/p>\n<p>\u00abAqu\u00ed no se va a quedar ni un colaborador sin sus prestaciones. Sabemos que son d\u00edas de incertidumbre, pero cuando trabajamos con Dios y el coraz\u00f3n todo fluye\u00bb, dijo Ger\u00f3nimo.<\/p>\n<p>&nbsp;<\/p>\n<p>Desde inicio del mes de mayo, el cabildo est\u00e1 inmerso en el proceso de validaci\u00f3n de datos de los desvinculados, el cual se realiza por orden alfab\u00e9tico, con la primera letra del primer apellido, a quienes posteriormente se les har\u00e1 entrega de sus compensaciones laborales, cuyo monto total ascienden a los RD$47 millones de pesos.<\/p>\n<p>&nbsp;<\/p>\n<p>La medida, que tiene como objetivo saldar una deuda pendiente con los exempleados, es parte del esfuerzo de la actual administraci\u00f3n para garantizar la transparencia, el cumplimiento de los derechos laborales y la mejora cont\u00ednua en la gesti\u00f3n p\u00fablica.<img loading=\"lazy\" decoding=\"async\" class=\"size-medium wp-image-3277 alignright\" src=\"https:\/\/periodicolarepublica.com\/wp-content\/uploads\/2025\/05\/IMG-20250514-WA0410-300x200.jpg\" alt=\"\" width=\"300\" height=\"200\" srcset=\"https:\/\/periodicolarepublica.com\/wp-content\/uploads\/2025\/05\/IMG-20250514-WA0410-300x200.jpg?v=1747242254 300w, https:\/\/periodicolarepublica.com\/wp-content\/uploads\/2025\/05\/IMG-20250514-WA0410-1024x683.jpg?v=1747242254 1024w, https:\/\/periodicolarepublica.com\/wp-content\/uploads\/2025\/05\/IMG-20250514-WA0410-768x512.jpg?v=1747242254 768w, https:\/\/periodicolarepublica.com\/wp-content\/uploads\/2025\/05\/IMG-20250514-WA0410-1536x1024.jpg?v=1747242254 1536w, https:\/\/periodicolarepublica.com\/wp-content\/uploads\/2025\/05\/IMG-20250514-WA0410-2048x1366.jpg?v=1747242254 2048w, https:\/\/periodicolarepublica.com\/wp-content\/uploads\/2025\/05\/IMG-20250514-WA0410-150x100.jpg?v=1747242254 150w, https:\/\/periodicolarepublica.com\/wp-content\/uploads\/2025\/05\/IMG-20250514-WA0410-600x400.jpg?v=1747242254 600w, https:\/\/periodicolarepublica.com\/wp-content\/uploads\/2025\/05\/IMG-20250514-WA0410-696x464.jpg?v=1747242254 696w, https:\/\/periodicolarepublica.com\/wp-content\/uploads\/2025\/05\/IMG-20250514-WA0410-1392x928.jpg?v=1747242254 1392w, https:\/\/periodicolarepublica.com\/wp-content\/uploads\/2025\/05\/IMG-20250514-WA0410-1068x712.jpg?v=1747242254 1068w, https:\/\/periodicolarepublica.com\/wp-content\/uploads\/2025\/05\/IMG-20250514-WA0410-1920x1280.jpg?v=1747242254 1920w\" sizes=\"auto, (max-width: 300px) 100vw, 300px\" \/><\/p>\n","protected":false},"excerpt":{"rendered":"<p>Monto total supera los RD$47 MM Santo Domingo Norte, R.D.- La Alcald\u00eda de Santo Domingo Norte (ASDN) dio inicio a la primera etapa de entrega de pagos de las prestaciones laborales a sus excolaboradores, cuyas desvinculaciones se produjeron desde el a\u00f1o 2006 hasta la actual gesti\u00f3n. &nbsp; Para esta primera parte se ha destinado un [&hellip;]<\/p>\n","protected":false},"author":10,"featured_media":3277,"comment_status":"open","ping_status":"open","sticky":false,"template":"","format":"standard","meta":{"om_disable_all_campaigns":false,"_monsterinsights_skip_tracking":false,"_monsterinsights_sitenote_active":false,"_monsterinsights_sitenote_note":"","_monsterinsights_sitenote_category":0,"footnotes":""},"categories":[1],"tags":[],"class_list":{"0":"post-3276","1":"post","2":"type-post","3":"status-publish","4":"format-standard","5":"has-post-thumbnail","7":"category-nacionales"},"aioseo_notices":[],"_links":{"self":[{"href":"https:\/\/periodicolarepublica.com\/index.php\/wp-json\/wp\/v2\/posts\/3276","targetHints":{"allow":["GET"]}}],"collection":[{"href":"https:\/\/periodicolarepublica.com\/index.php\/wp-json\/wp\/v2\/posts"}],"about":[{"href":"https:\/\/periodicolarepublica.com\/index.php\/wp-json\/wp\/v2\/types\/post"}],"author":[{"embeddable":true,"href":"https:\/\/periodicolarepublica.com\/index.php\/wp-json\/wp\/v2\/users\/10"}],"replies":[{"embeddable":true,"href":"https:\/\/periodicolarepublica.com\/index.php\/wp-json\/wp\/v2\/comments?post=3276"}],"version-history":[{"count":1,"href":"https:\/\/periodicolarepublica.com\/index.php\/wp-json\/wp\/v2\/posts\/3276\/revisions"}],"predecessor-version":[{"id":3278,"href":"https:\/\/periodicolarepublica.com\/index.php\/wp-json\/wp\/v2\/posts\/3276\/revisions\/3278"}],"wp:featuredmedia":[{"embeddable":true,"href":"https:\/\/periodicolarepublica.com\/index.php\/wp-json\/wp\/v2\/media\/3277"}],"wp:attachment":[{"href":"https:\/\/periodicolarepublica.com\/index.php\/wp-json\/wp\/v2\/media?parent=3276"}],"wp:term":[{"taxonomy":"category","embeddable":true,"href":"https:\/\/periodicolarepublica.com\/index.php\/wp-json\/wp\/v2\/categories?post=3276"},{"taxonomy":"post_tag","embeddable":true,"href":"https:\/\/periodicolarepublica.com\/index.php\/wp-json\/wp\/v2\/tags?post=3276"}],"curies":[{"name":"wp","href":"https:\/\/api.w.org\/{rel}","templated":true}]}}