{"id":3279,"date":"2025-05-14T20:16:01","date_gmt":"2025-05-14T18:16:01","guid":{"rendered":"https:\/\/periodicolarepublica.com\/?p=3279"},"modified":"2025-05-14T20:23:21","modified_gmt":"2025-05-14T18:23:21","slug":"codopyme-expresa-su-respaldo-al-proyecto-de-ley-sobre-compras-y-contrataciones-publicas","status":"publish","type":"post","link":"https:\/\/periodicolarepublica.com\/index.php\/2025\/05\/14\/codopyme-expresa-su-respaldo-al-proyecto-de-ley-sobre-compras-y-contrataciones-publicas\/","title":{"rendered":"CODOPYME expresa su respaldo al Proyecto de Ley sobre Compras y Contrataciones P\u00fablicas"},"content":{"rendered":"<p>&nbsp;<\/p>\n<p>Santo Domingo, 14 de mayo de 2025 \u2014 El Confederaci\u00f3n Dominicano de la Peque\u00f1a y Mediana Empresa (CODOPYME) manifest\u00f3 su firme respaldo al Proyecto de Ley sobre Compras y Contrataciones P\u00fablicas que actualmente estudia la Honorable C\u00e1mara de Diputados de la Rep\u00fablica Dominicana.<\/p>\n<p>Durante una sesi\u00f3n de trabajo con la Comisi\u00f3n Especial designada para el estudio de esta iniciativa, representantes de CODOPYME agradecieron la apertura al di\u00e1logo y la disposici\u00f3n de los legisladores para escuchar las preocupaciones y propuestas del sector mipymes.<\/p>\n<p>El presidente de CODOPYME, Fernando Pinales, destac\u00f3 que esta reforma representa una oportunidad hist\u00f3rica para corregir inequidades estructurales y establecer un sistema de contrataciones m\u00e1s inclusivo, transparente y competitivo.<\/p>\n<p>\u201cEste proyecto de ley es una herramienta clave para democratizar el acceso de las Mipymes a las compras del Estado. Aplaudimos que se contemple una participaci\u00f3n efectiva del 30% para este sector y mecanismos que garantizan mayor agilidad, transparencia y trazabilidad en los procesos\u201d, afirm\u00f3 el Sr. Pinales.<\/p>\n<p>CODOPYME subray\u00f3 que un marco legal robusto en materia de contrataciones p\u00fablicas no solo fortalecer\u00e1 la institucionalidad, sino que tambi\u00e9n impulsar\u00e1 el desarrollo econ\u00f3mico local, la formalizaci\u00f3n empresarial y la generaci\u00f3n de empleo digno en todo el pa\u00eds.<\/p>\n<p>La instituci\u00f3n reiter\u00f3 su compromiso de seguir participando activamente en el proceso de construcci\u00f3n de esta ley y llam\u00f3 a todos los sectores involucrados a priorizar el inter\u00e9s nacional y el desarrollo sostenible como ejes centrales de esta reforma.<\/p>\n<p><img loading=\"lazy\" decoding=\"async\" class=\"alignnone size-medium wp-image-3280\" src=\"https:\/\/periodicolarepublica.com\/wp-content\/uploads\/2025\/05\/IMG-20250514-WA0046-300x200.jpg\" alt=\"\" width=\"300\" height=\"200\" srcset=\"https:\/\/periodicolarepublica.com\/wp-content\/uploads\/2025\/05\/IMG-20250514-WA0046-300x200.jpg 300w, https:\/\/periodicolarepublica.com\/wp-content\/uploads\/2025\/05\/IMG-20250514-WA0046-1024x681.jpg 1024w, https:\/\/periodicolarepublica.com\/wp-content\/uploads\/2025\/05\/IMG-20250514-WA0046-768x511.jpg 768w, https:\/\/periodicolarepublica.com\/wp-content\/uploads\/2025\/05\/IMG-20250514-WA0046-1536x1021.jpg 1536w, https:\/\/periodicolarepublica.com\/wp-content\/uploads\/2025\/05\/IMG-20250514-WA0046-150x100.jpg 150w, https:\/\/periodicolarepublica.com\/wp-content\/uploads\/2025\/05\/IMG-20250514-WA0046-600x399.jpg 600w, https:\/\/periodicolarepublica.com\/wp-content\/uploads\/2025\/05\/IMG-20250514-WA0046-696x463.jpg 696w, https:\/\/periodicolarepublica.com\/wp-content\/uploads\/2025\/05\/IMG-20250514-WA0046-1392x926.jpg 1392w, https:\/\/periodicolarepublica.com\/wp-content\/uploads\/2025\/05\/IMG-20250514-WA0046-1068x710.jpg 1068w, https:\/\/periodicolarepublica.com\/wp-content\/uploads\/2025\/05\/IMG-20250514-WA0046.jpg 1600w\" sizes=\"auto, (max-width: 300px) 100vw, 300px\" \/><\/p>\n","protected":false},"excerpt":{"rendered":"<p>&nbsp; Santo Domingo, 14 de mayo de 2025 \u2014 El Confederaci\u00f3n Dominicano de la Peque\u00f1a y Mediana Empresa (CODOPYME) manifest\u00f3 su firme respaldo al Proyecto de Ley sobre Compras y Contrataciones P\u00fablicas que actualmente estudia la Honorable C\u00e1mara de Diputados de la Rep\u00fablica Dominicana. Durante una sesi\u00f3n de trabajo con la Comisi\u00f3n Especial designada para [&hellip;]<\/p>\n","protected":false},"author":6,"featured_media":3280,"comment_status":"open","ping_status":"open","sticky":false,"template":"","format":"standard","meta":{"om_disable_all_campaigns":false,"_monsterinsights_skip_tracking":false,"_monsterinsights_sitenote_active":false,"_monsterinsights_sitenote_note":"","_monsterinsights_sitenote_category":0,"footnotes":""},"categories":[1],"tags":[],"class_list":{"0":"post-3279","1":"post","2":"type-post","3":"status-publish","4":"format-standard","5":"has-post-thumbnail","7":"category-nacionales"},"aioseo_notices":[],"_links":{"self":[{"href":"https:\/\/periodicolarepublica.com\/index.php\/wp-json\/wp\/v2\/posts\/3279","targetHints":{"allow":["GET"]}}],"collection":[{"href":"https:\/\/periodicolarepublica.com\/index.php\/wp-json\/wp\/v2\/posts"}],"about":[{"href":"https:\/\/periodicolarepublica.com\/index.php\/wp-json\/wp\/v2\/types\/post"}],"author":[{"embeddable":true,"href":"https:\/\/periodicolarepublica.com\/index.php\/wp-json\/wp\/v2\/users\/6"}],"replies":[{"embeddable":true,"href":"https:\/\/periodicolarepublica.com\/index.php\/wp-json\/wp\/v2\/comments?post=3279"}],"version-history":[{"count":2,"href":"https:\/\/periodicolarepublica.com\/index.php\/wp-json\/wp\/v2\/posts\/3279\/revisions"}],"predecessor-version":[{"id":3284,"href":"https:\/\/periodicolarepublica.com\/index.php\/wp-json\/wp\/v2\/posts\/3279\/revisions\/3284"}],"wp:featuredmedia":[{"embeddable":true,"href":"https:\/\/periodicolarepublica.com\/index.php\/wp-json\/wp\/v2\/media\/3280"}],"wp:attachment":[{"href":"https:\/\/periodicolarepublica.com\/index.php\/wp-json\/wp\/v2\/media?parent=3279"}],"wp:term":[{"taxonomy":"category","embeddable":true,"href":"https:\/\/periodicolarepublica.com\/index.php\/wp-json\/wp\/v2\/categories?post=3279"},{"taxonomy":"post_tag","embeddable":true,"href":"https:\/\/periodicolarepublica.com\/index.php\/wp-json\/wp\/v2\/tags?post=3279"}],"curies":[{"name":"wp","href":"https:\/\/api.w.org\/{rel}","templated":true}]}}