{"id":3285,"date":"2025-05-14T20:25:39","date_gmt":"2025-05-14T18:25:39","guid":{"rendered":"https:\/\/periodicolarepublica.com\/?p=3285"},"modified":"2025-05-14T20:25:39","modified_gmt":"2025-05-14T18:25:39","slug":"propeep-ha-brindado-mas-de-126-mil-servicios-en-84-jornadas-de-inclusion-social-en-ultimos-100-dias","status":"publish","type":"post","link":"https:\/\/periodicolarepublica.com\/index.php\/2025\/05\/14\/propeep-ha-brindado-mas-de-126-mil-servicios-en-84-jornadas-de-inclusion-social-en-ultimos-100-dias\/","title":{"rendered":"Propeep ha brindado m\u00e1s de 126 mil servicios en 84 jornadas de inclusi\u00f3n social en \u00faltimos 100 d\u00edas"},"content":{"rendered":"<p>&nbsp;<\/p>\n<p>Robert Polanco destaca que en solo tres meses en la instituci\u00f3n han sido beneficiadas m\u00e1s de 42 mil personas vulnerables y entregado 22 mil metros cuadrados de arte p\u00fablico en todo el pa\u00eds_<\/p>\n<p>&nbsp;<\/p>\n<p>&nbsp;<\/p>\n<p>*La Caleta, Boca Chica* -La Direcci\u00f3n General de Proyectos Estrat\u00e9gicos y Especiales de la Presidencia (Propeep) ha realizado 84 jornadas de inclusi\u00f3n social en todo el territorio nacional durante los \u00faltimos 100 d\u00edas, beneficiando a m\u00e1s de 42 mil personas vulnerables, con unos 126 mil servicios gratuitos.<\/p>\n<p>&nbsp;<\/p>\n<p>Al encabezar una jornada de inclusi\u00f3n social, en La Caleta, de Boca Chica, el director de Propeep, Robert Polanco, destac\u00f3 que esas acciones forman parte del compromiso del Gobierno del presidente Luis Abinader con reducir la desigualdad social y mejorar la calidad de vida en las comunidades m\u00e1s necesitadas del pa\u00eds.<\/p>\n<p>&nbsp;<\/p>\n<p>\u201cEn estos 100 d\u00edas de trabajo hemos tenido la oportunidad de realizar 84 jornadas de inclusi\u00f3n social \u201cPrimero T\u00fa, Cerca de T\u00ed y Renacer\u201d, beneficiando de manera directa a m\u00e1s de 42 mil personas, y realizando m\u00e1s de 126 mil servicios que benefician a los dominicanos y dominicanas que asisten a estas jornada\u201d, expres\u00f3 Polanco.<\/p>\n<p>&nbsp;<\/p>\n<p>Manifest\u00f3 que la entidad ha ofrecido servicios de salud, odontolog\u00eda, entrega de medicamentos y alimentos crudos y cocinados, entrega de enseres del hogar, kits dentales, escolares y prote\u00ednas, canastillas a embarazadas, dispositivos para personas discapacitadas, inscripci\u00f3n en programas sociales, talleres de capacitaciones y charlas educativas a j\u00f3venes adolescentes y beneficios a envejecientes, entre otros.<\/p>\n<p>&nbsp;<\/p>\n<p>*Entrega de 22 mil metros cuadrados de arte p\u00fablico*<\/p>\n<p>&nbsp;<\/p>\n<p>Polanco resalt\u00f3, adem\u00e1s, la entrega de 22 mil metros cuadrados de arte p\u00fablico en distintos municipios y distritos municipales del pa\u00eds, a trav\u00e9s de 31 Paseo de los Colores, los cuales reflejan y recogen la historia cultural, econ\u00f3mica, costumbres y las tradiciones de cada una de esas localidades.<\/p>\n<p>&nbsp;<\/p>\n<p>El funcionario record\u00f3 que esa iniciativa forma parte del programa Dominicana Cultural y Creativa, que busca transformar espacios urbanos en entornos seguros, dignos y coloridos, que contribuyan al esparcimiento y el disfrute de las familias y visitantes en esos territorios.<\/p>\n<p>&nbsp;<\/p>\n<p>\u201cTambi\u00e9n en estos primeros 100 d\u00edas, cuando algunas familias han tenido la desgracia de perder sus ajuares como consecuencia de un incendio o alg\u00fan fen\u00f3meno natural, Propeep ha estado presente, por instrucciones del presidente Abinader\u201d, explic\u00f3.<\/p>\n<p>&nbsp;<\/p>\n<p>El director de Propeep dijo que se preparan para seguir impactando la vida de los m\u00e1s vulnerables y reafirm\u00f3 su compromiso de continuar acercando soluciones integrales a la gente m\u00e1s pobre, impulsando la equidad, la inclusi\u00f3n y el desarrollo social en cada rinc\u00f3n de Rep\u00fablica Dominicana.<\/p>\n<p>&nbsp;<\/p>\n<p>Agreg\u00f3 que se preparan para impactar los sectores populares, para seguir llevando los Paseos de los Colores y para continuar reparando las viviendas de los que m\u00e1s necesitan.<\/p>\n<p>&nbsp;<\/p>\n<p>*Beneficios a trav\u00e9s de diversos programas*<\/p>\n<p>&nbsp;<\/p>\n<p>A trav\u00e9s de las jornadas \u201cPrimero T\u00fa\u201d, que tiene como objetivo identificar y atender las principales necesidades de personas y familias en condiciones de vulnerabilidad en todo el territorio nacional, Propeep benefici\u00f3 a 29,379 personas, mientras que con el programa \u201cCerca de T\u00ed\u201d brind\u00f3 distintas atenciones a 12,302 ciudadanos de comunidades pobres.<\/p>\n<p>Pero, adem\u00e1s, los Proyectos Estrat\u00e9gicos y Especiales realizaron dos operativos de \u201cRenacer\u201d, una iniciativa que brinda apoyo integral a emprendedores y microempresarios de comunidades vulnerables, beneficiando a 553 dominicanos.<\/p>\n<p>&nbsp;<\/p>\n<p>*Programa \u201cEl Gobierno Contigo\u201d*<\/p>\n<p>&nbsp;<\/p>\n<p>Robert Polanco destac\u00f3 la labor que desde Propeep ha realizado como coordinador del programa \u201cEl Gobierno Contigo\u201d, que con el de ma\u00f1ana en San Crist\u00f3bal, habr\u00e1n desarrollado cuatro jornadas, donde el presidente de la Rep\u00fablica despliega 36 instituciones de su Gobierno, para abordar de manera puntual las principales necesidades de las comunidades.<\/p>\n<p>&nbsp;<\/p>\n<p>\u201cLo hicimos en Sabana Perdida Norte, en La Ure\u00f1a, en Pedro Brand y ma\u00f1ana, por todo lo alto, el presidente de la Rep\u00fablica deja inaugurado \u201cEl Gobierno Contigo\u201d en San Crist\u00f3bal\u201d, explic\u00f3.<\/p>\n<p>&nbsp;<\/p>\n<p>El director de Propeep, anunci\u00f3 que en la ocasi\u00f3n (ma\u00f1ana jueves) entregar\u00e1n 40 viviendas ecol\u00f3gicas a igual cantidad de familias de ese municipio, que por a\u00f1os han tenido la necesidad de un techo, que les permita cambiar su vida y vivir con dignidad.<\/p>\n<p>*Direcci\u00f3n de Comunicaciones Propeep*<\/p>\n<p>14 de Mayo 2025<\/p>\n<figure id=\"attachment_3082\" aria-describedby=\"caption-attachment-3082\" style=\"width: 300px\" class=\"wp-caption alignnone\"><img loading=\"lazy\" decoding=\"async\" class=\"size-medium wp-image-3082\" src=\"https:\/\/periodicolarepublica.com\/wp-content\/uploads\/2025\/04\/IMG-20250424-WA0016-300x200.jpg\" alt=\"\" width=\"300\" height=\"200\" \/><figcaption id=\"caption-attachment-3082\" class=\"wp-caption-text\">Foto de archivo<\/figcaption><\/figure>\n<p>&nbsp;<\/p>\n","protected":false},"excerpt":{"rendered":"<p>&nbsp; Robert Polanco destaca que en solo tres meses en la instituci\u00f3n han sido beneficiadas m\u00e1s de 42 mil personas vulnerables y entregado 22 mil metros cuadrados de arte p\u00fablico en todo el pa\u00eds_ &nbsp; &nbsp; *La Caleta, Boca Chica* -La Direcci\u00f3n General de Proyectos Estrat\u00e9gicos y Especiales de la Presidencia (Propeep) ha realizado 84 [&hellip;]<\/p>\n","protected":false},"author":6,"featured_media":3082,"comment_status":"open","ping_status":"open","sticky":false,"template":"","format":"standard","meta":{"om_disable_all_campaigns":false,"_monsterinsights_skip_tracking":false,"_monsterinsights_sitenote_active":false,"_monsterinsights_sitenote_note":"","_monsterinsights_sitenote_category":0,"footnotes":""},"categories":[1],"tags":[],"class_list":{"0":"post-3285","1":"post","2":"type-post","3":"status-publish","4":"format-standard","5":"has-post-thumbnail","7":"category-nacionales"},"aioseo_notices":[],"_links":{"self":[{"href":"https:\/\/periodicolarepublica.com\/index.php\/wp-json\/wp\/v2\/posts\/3285","targetHints":{"allow":["GET"]}}],"collection":[{"href":"https:\/\/periodicolarepublica.com\/index.php\/wp-json\/wp\/v2\/posts"}],"about":[{"href":"https:\/\/periodicolarepublica.com\/index.php\/wp-json\/wp\/v2\/types\/post"}],"author":[{"embeddable":true,"href":"https:\/\/periodicolarepublica.com\/index.php\/wp-json\/wp\/v2\/users\/6"}],"replies":[{"embeddable":true,"href":"https:\/\/periodicolarepublica.com\/index.php\/wp-json\/wp\/v2\/comments?post=3285"}],"version-history":[{"count":1,"href":"https:\/\/periodicolarepublica.com\/index.php\/wp-json\/wp\/v2\/posts\/3285\/revisions"}],"predecessor-version":[{"id":3286,"href":"https:\/\/periodicolarepublica.com\/index.php\/wp-json\/wp\/v2\/posts\/3285\/revisions\/3286"}],"wp:featuredmedia":[{"embeddable":true,"href":"https:\/\/periodicolarepublica.com\/index.php\/wp-json\/wp\/v2\/media\/3082"}],"wp:attachment":[{"href":"https:\/\/periodicolarepublica.com\/index.php\/wp-json\/wp\/v2\/media?parent=3285"}],"wp:term":[{"taxonomy":"category","embeddable":true,"href":"https:\/\/periodicolarepublica.com\/index.php\/wp-json\/wp\/v2\/categories?post=3285"},{"taxonomy":"post_tag","embeddable":true,"href":"https:\/\/periodicolarepublica.com\/index.php\/wp-json\/wp\/v2\/tags?post=3285"}],"curies":[{"name":"wp","href":"https:\/\/api.w.org\/{rel}","templated":true}]}}