{"id":3287,"date":"2025-05-14T21:02:22","date_gmt":"2025-05-14T19:02:22","guid":{"rendered":"https:\/\/periodicolarepublica.com\/?p=3287"},"modified":"2025-05-14T21:02:22","modified_gmt":"2025-05-14T19:02:22","slug":"con-20-nuevos-proyectos-en-desarrollo-y-mas-de-mil-megavatios-pais-acelera-transformacion-energetica","status":"publish","type":"post","link":"https:\/\/periodicolarepublica.com\/index.php\/2025\/05\/14\/con-20-nuevos-proyectos-en-desarrollo-y-mas-de-mil-megavatios-pais-acelera-transformacion-energetica\/","title":{"rendered":"Con 20 nuevos proyectos en desarrollo y m\u00e1s de mil megavatios, pa\u00eds acelera  transformaci\u00f3n energ\u00e9tica"},"content":{"rendered":"<p>Joel Santos resalta importancia de la cooperaci\u00f3n internacional en el desarrollo energ\u00e9tico de la Rep\u00fablica Dominicana_<\/p>\n<p>*SANTO DOMINGO*.\u2013 El ministro de Energ\u00eda y Minas, Joel Santos, explic\u00f3 que actualmente se desarrollan 20 proyectos de energ\u00edas renovables, que aportar\u00e1n 1,006 megavatios (MW) a la matriz energ\u00e9tica, durante su participaci\u00f3n en la conferencia \u201cPerspectiva gubernamental del crecimiento e integraci\u00f3n de las energ\u00edas renovables en el sector generaci\u00f3n de la Rep\u00fablica Dominicana\u201d, ofrecida en el desayuno empresarial organizado por la C\u00e1mara Oficial de Comercio de Espa\u00f1a en la Rep\u00fablica Dominicana (Camacoesrd).<\/p>\n<p>&nbsp;<\/p>\n<p>Santos explic\u00f3 c\u00f3mo el pa\u00eds ha incrementado su oferta energ\u00e9tica, la diversificaci\u00f3n de la matriz, el fortalecimiento del sistema de transmisi\u00f3n y c\u00f3mo ha mejorado su eficiencia.<\/p>\n<p>&nbsp;<\/p>\n<p>De igual forma, resalt\u00f3 la importancia de la cooperaci\u00f3n internacional en el desarrollo del sector energ\u00e9tico de la Rep\u00fablica Dominicana.<\/p>\n<p>&nbsp;<\/p>\n<p>\u201cEl sistema energ\u00e9tico dominicano ha experimentado una transformaci\u00f3n significativa, y la cooperaci\u00f3n internacional es clave para acelerar los procesos, especialmente en lo relacionado con la tecnolog\u00eda\u201d, expres\u00f3 el ministro, quien adem\u00e1s destac\u00f3 las iniciativas impulsadas por el Gobierno en la materia.<\/p>\n<p>&nbsp;<\/p>\n<p>Santos se\u00f1al\u00f3 que la Rep\u00fablica Dominicana cuenta con condiciones que generan confianza en los inversionistas extranjeros: \u201cAqu\u00ed, la permisolog\u00eda es mucho m\u00e1s \u00e1gil, los terrenos est\u00e1n m\u00e1s disponibles; es decir, tenemos muchas ventajas en ese sentido, y eso representa una gran oportunidad\u201d, afirm\u00f3.<\/p>\n<p>&nbsp;<\/p>\n<p>Asimismo, el ministro explic\u00f3 que estos avances est\u00e1n alineados con el fortalecimiento del uso del gas natural, el impulso a las energ\u00edas renovables, y del programa Burocracia Cero, una iniciativa enfocada en simplificar los tr\u00e1mites gubernamentales en todos los sectores de la econom\u00eda nacional.<\/p>\n<p>&nbsp;<\/p>\n<p>El ministro agradeci\u00f3 la invitaci\u00f3n de la C\u00e1mara Oficial de Comercio de Espa\u00f1a en la Rep\u00fablica Dominicana y reiter\u00f3 que el Ministerio de Energ\u00eda y Minas est\u00e1 siempre dispuesto a continuar fortaleciendo la colaboraci\u00f3n mutua.<\/p>\n<p>&nbsp;<\/p>\n<p>Por su parte, Francisco \u00abPaco\u00bb P\u00e9rez, presidente de la C\u00e1mara, explic\u00f3 que el objetivo de la conferencia es crear un espacio donde las principales autoridades del sector el\u00e9ctrico gubernamental puedan compartir informaci\u00f3n actualizada y responder a inquietudes de los distintos actores del sector, especialmente de las empresas espa\u00f1olas afiliadas a la C\u00e1mara.<\/p>\n<p>&nbsp;<\/p>\n<p>\u201cFomentar una cultura de cuidado del clima y del planeta debe ser una prioridad para todos los involucrados en esta tem\u00e1tica. Por eso, desde la C\u00e1mara ofrecemos a nuestros socios y al sector empresarial estos encuentros, que permiten debatir temas tan trascendentales como la perspectiva gubernamental sobre el crecimiento y la integraci\u00f3n de las energ\u00edas renovables en el sector generaci\u00f3n de la Rep\u00fablica Dominicana\u201d, expres\u00f3 P\u00e9rez.<\/p>\n<p>&nbsp;<\/p>\n<p>Al encuentro tambi\u00e9n asistieron la viceministra de Innovaci\u00f3n y Transici\u00f3n Energ\u00e9tica, Betty Soto; Edward Veras, director ejecutivo de la Comisi\u00f3n Nacional de Energ\u00eda; Mart\u00edn Robles, administrador general de la Empresa de Transmisi\u00f3n El\u00e9ctrica Dominicana; Manuel L\u00f3pez San Pablo, gerente general del Organismo Coordinador del Sistema El\u00e9ctrico; y Pedro Valdez, de Acciona Energ\u00eda, quien fungi\u00f3 como moderador del evento.<\/p>\n<p><img loading=\"lazy\" decoding=\"async\" class=\"alignnone size-medium wp-image-2911\" src=\"https:\/\/periodicolarepublica.com\/wp-content\/uploads\/2025\/03\/fachada-MEM-1-300x169.webp\" alt=\"\" width=\"300\" height=\"169\" \/><\/p>\n<p>&nbsp;<\/p>\n","protected":false},"excerpt":{"rendered":"<p>Joel Santos resalta importancia de la cooperaci\u00f3n internacional en el desarrollo energ\u00e9tico de la Rep\u00fablica Dominicana_ *SANTO DOMINGO*.\u2013 El ministro de Energ\u00eda y Minas, Joel Santos, explic\u00f3 que actualmente se desarrollan 20 proyectos de energ\u00edas renovables, que aportar\u00e1n 1,006 megavatios (MW) a la matriz energ\u00e9tica, durante su participaci\u00f3n en la conferencia \u201cPerspectiva gubernamental del crecimiento [&hellip;]<\/p>\n","protected":false},"author":6,"featured_media":2911,"comment_status":"open","ping_status":"open","sticky":false,"template":"","format":"standard","meta":{"om_disable_all_campaigns":false,"_monsterinsights_skip_tracking":false,"_monsterinsights_sitenote_active":false,"_monsterinsights_sitenote_note":"","_monsterinsights_sitenote_category":0,"footnotes":""},"categories":[1],"tags":[],"class_list":{"0":"post-3287","1":"post","2":"type-post","3":"status-publish","4":"format-standard","5":"has-post-thumbnail","7":"category-nacionales"},"aioseo_notices":[],"_links":{"self":[{"href":"https:\/\/periodicolarepublica.com\/index.php\/wp-json\/wp\/v2\/posts\/3287","targetHints":{"allow":["GET"]}}],"collection":[{"href":"https:\/\/periodicolarepublica.com\/index.php\/wp-json\/wp\/v2\/posts"}],"about":[{"href":"https:\/\/periodicolarepublica.com\/index.php\/wp-json\/wp\/v2\/types\/post"}],"author":[{"embeddable":true,"href":"https:\/\/periodicolarepublica.com\/index.php\/wp-json\/wp\/v2\/users\/6"}],"replies":[{"embeddable":true,"href":"https:\/\/periodicolarepublica.com\/index.php\/wp-json\/wp\/v2\/comments?post=3287"}],"version-history":[{"count":1,"href":"https:\/\/periodicolarepublica.com\/index.php\/wp-json\/wp\/v2\/posts\/3287\/revisions"}],"predecessor-version":[{"id":3288,"href":"https:\/\/periodicolarepublica.com\/index.php\/wp-json\/wp\/v2\/posts\/3287\/revisions\/3288"}],"wp:featuredmedia":[{"embeddable":true,"href":"https:\/\/periodicolarepublica.com\/index.php\/wp-json\/wp\/v2\/media\/2911"}],"wp:attachment":[{"href":"https:\/\/periodicolarepublica.com\/index.php\/wp-json\/wp\/v2\/media?parent=3287"}],"wp:term":[{"taxonomy":"category","embeddable":true,"href":"https:\/\/periodicolarepublica.com\/index.php\/wp-json\/wp\/v2\/categories?post=3287"},{"taxonomy":"post_tag","embeddable":true,"href":"https:\/\/periodicolarepublica.com\/index.php\/wp-json\/wp\/v2\/tags?post=3287"}],"curies":[{"name":"wp","href":"https:\/\/api.w.org\/{rel}","templated":true}]}}