{"id":3289,"date":"2025-05-15T02:40:06","date_gmt":"2025-05-15T00:40:06","guid":{"rendered":"https:\/\/periodicolarepublica.com\/?p=3289"},"modified":"2025-05-15T02:59:49","modified_gmt":"2025-05-15T00:59:49","slug":"poder-pal-pueblo-saluda-como-hecho-historico-la-primera-cumbre-nacional-del-presidente-y-expresidentes","status":"publish","type":"post","link":"https:\/\/periodicolarepublica.com\/index.php\/2025\/05\/15\/poder-pal-pueblo-saluda-como-hecho-historico-la-primera-cumbre-nacional-del-presidente-y-expresidentes\/","title":{"rendered":"Poder P&#8217;AL Pueblo saluda como hecho hist\u00f3rico la Primera Cumbre Nacional del Presidente y Expresidentes"},"content":{"rendered":"<p>Santo Domingo, 14 de mayo de 2025 \u2014 El presidente del Movimiento Poder P&#8217;AL Pueblo, ingeniero Tom\u00e1s Hern\u00e1ndez Alberto, calific\u00f3 como un \u201checho hist\u00f3rico\u201d y motivo de \u201corgullo nacional\u201d la realizaci\u00f3n de la Primera Cumbre Nacional del Presidente y Expresidentes de la Rep\u00fablica Dominicana, celebrada en la tarde de hoy.<\/p>\n<p>&nbsp;<\/p>\n<p>Hern\u00e1ndez Alberto expres\u00f3 que este acontecimiento se inscribe con letras doradas en la historia del pa\u00eds y representa un s\u00edmbolo de madurez pol\u00edtica, civismo y amor por la patria. \u201cLos dominicanos y las dominicanas debemos sentir el mayor orgullo por lo que ha sido esta jornada de unidad y responsabilidad nacional\u201d, afirm\u00f3.<\/p>\n<p>&nbsp;<\/p>\n<p>La cumbre, convocada por el presidente de la Rep\u00fablica, Luis Abinader, reuni\u00f3 a los principales l\u00edderes que han gobernado la naci\u00f3n durante los \u00faltimos treinta a\u00f1os. En ese contexto, el presidente del Movimiento Poder P\u2019AL Pueblo felicit\u00f3 al mandatario por su iniciativa y por la forma \u201cextraordinaria\u201d en que condujo el proceso, logrando una articulaci\u00f3n arm\u00f3nica entre todos los participantes.<\/p>\n<p>&nbsp;<\/p>\n<p>\u201cEl presidente Abinader ha sido el que\u00a0 hoy, junto a los principales componentes del liderazgo pol\u00edtico nacional, ha hecho posible un acontecimiento que ser\u00e1 recordado como uno de los m\u00e1s significativos en la historia democr\u00e1tica del pa\u00eds\u201d, destac\u00f3 el dirigente.<\/p>\n<p>&nbsp;<\/p>\n<p>El l\u00edder del Movimiento Poder P\u2019AL Pueblo enfatiz\u00f3 que este gesto de unidad cobra a\u00fan mayor valor al haberse producido en el contexto de la situaci\u00f3n cr\u00edtica que atraviesa la vecina naci\u00f3n de Hait\u00ed. \u201cNo podemos separar a Hait\u00ed de la Rep\u00fablica Dominicana, ni a la Rep\u00fablica Dominicana de Hait\u00ed. Compartimos una isla, y frente a esta realidad, se impone la defensa del inter\u00e9s nacional y la soberan\u00eda por encima de cualquier diferencia partidaria\u201d, sostuvo.<\/p>\n<p>&nbsp;<\/p>\n<p>Asimismo, felicit\u00f3 a los expresidentes Leonel Fern\u00e1ndez, Danilo Medina e Hip\u00f3lito Mej\u00eda por su presencia y comportamiento durante el evento. \u201cHan demostrado con su participaci\u00f3n lo que ya sab\u00edamos: que aman m\u00e1s a la Rep\u00fablica Dominicana que las diferencias pol\u00edticas que puedan existir entre ellos\u201d, expres\u00f3.<\/p>\n<p>&nbsp;<\/p>\n<p>Desde el Movimiento Poder P\u2019AL Pueblo, se celebra con entusiasmo este hist\u00f3rico encuentro, que representa una se\u00f1al clara de que la unidad nacional es posible cuando se coloca el bienestar del pa\u00eds por encima de intereses particulares.<\/p>\n<p>&nbsp;<\/p>\n<p>Hern\u00e1ndez Alberto llam\u00f3 a que este esp\u00edritu de concertaci\u00f3n se refleje tambi\u00e9n en las dem\u00e1s organizaciones y movimientos pol\u00edticos del pa\u00eds. \u201cLa unidad est\u00e1 en la base de toda soluci\u00f3n duradera, y la lealtad m\u00e1s importante que debemos tener es a la patria y a sus principios fundamentales\u201d, manifest\u00f3.<\/p>\n<p>&nbsp;<\/p>\n<p>En ese sentido, el dirigente pol\u00edtico invit\u00f3 al pueblo dominicano a valorar este acontecimiento como una se\u00f1al de esperanza y madurez institucional. \u201cHoy todos ganamos. Esta cumbre marca el inicio de una nueva etapa de di\u00e1logo, respeto y defensa del inter\u00e9s nacional\u201d, concluy\u00f3.<img loading=\"lazy\" decoding=\"async\" class=\"size-medium wp-image-1804 alignright\" src=\"https:\/\/periodicolarepublica.com\/wp-content\/uploads\/2024\/10\/IMG-20240525-WA0100-300x200.jpg\" alt=\"\" width=\"300\" height=\"200\" srcset=\"https:\/\/periodicolarepublica.com\/wp-content\/uploads\/2024\/10\/IMG-20240525-WA0100-300x200.jpg?v=1727804560 300w, https:\/\/periodicolarepublica.com\/wp-content\/uploads\/2024\/10\/IMG-20240525-WA0100-1024x682.jpg?v=1727804560 1024w, https:\/\/periodicolarepublica.com\/wp-content\/uploads\/2024\/10\/IMG-20240525-WA0100-768x511.jpg?v=1727804560 768w, https:\/\/periodicolarepublica.com\/wp-content\/uploads\/2024\/10\/IMG-20240525-WA0100-150x100.jpg?v=1727804560 150w, https:\/\/periodicolarepublica.com\/wp-content\/uploads\/2024\/10\/IMG-20240525-WA0100-600x399.jpg?v=1727804560 600w, https:\/\/periodicolarepublica.com\/wp-content\/uploads\/2024\/10\/IMG-20240525-WA0100-696x463.jpg?v=1727804560 696w, https:\/\/periodicolarepublica.com\/wp-content\/uploads\/2024\/10\/IMG-20240525-WA0100-1068x711.jpg?v=1727804560 1068w, https:\/\/periodicolarepublica.com\/wp-content\/uploads\/2024\/10\/IMG-20240525-WA0100.jpg?v=1727804560 1080w\" sizes=\"auto, (max-width: 300px) 100vw, 300px\" \/><\/p>\n","protected":false},"excerpt":{"rendered":"<p>Santo Domingo, 14 de mayo de 2025 \u2014 El presidente del Movimiento Poder P&#8217;AL Pueblo, ingeniero Tom\u00e1s Hern\u00e1ndez Alberto, calific\u00f3 como un \u201checho hist\u00f3rico\u201d y motivo de \u201corgullo nacional\u201d la realizaci\u00f3n de la Primera Cumbre Nacional del Presidente y Expresidentes de la Rep\u00fablica Dominicana, celebrada en la tarde de hoy. &nbsp; Hern\u00e1ndez Alberto expres\u00f3 que [&hellip;]<\/p>\n","protected":false},"author":10,"featured_media":1804,"comment_status":"open","ping_status":"open","sticky":false,"template":"","format":"standard","meta":{"om_disable_all_campaigns":false,"_monsterinsights_skip_tracking":false,"_monsterinsights_sitenote_active":false,"_monsterinsights_sitenote_note":"","_monsterinsights_sitenote_category":0,"footnotes":""},"categories":[1],"tags":[163],"class_list":{"0":"post-3289","1":"post","2":"type-post","3":"status-publish","4":"format-standard","5":"has-post-thumbnail","7":"category-nacionales","8":"tag-tomas-hernandez-alberto"},"aioseo_notices":[],"_links":{"self":[{"href":"https:\/\/periodicolarepublica.com\/index.php\/wp-json\/wp\/v2\/posts\/3289","targetHints":{"allow":["GET"]}}],"collection":[{"href":"https:\/\/periodicolarepublica.com\/index.php\/wp-json\/wp\/v2\/posts"}],"about":[{"href":"https:\/\/periodicolarepublica.com\/index.php\/wp-json\/wp\/v2\/types\/post"}],"author":[{"embeddable":true,"href":"https:\/\/periodicolarepublica.com\/index.php\/wp-json\/wp\/v2\/users\/10"}],"replies":[{"embeddable":true,"href":"https:\/\/periodicolarepublica.com\/index.php\/wp-json\/wp\/v2\/comments?post=3289"}],"version-history":[{"count":3,"href":"https:\/\/periodicolarepublica.com\/index.php\/wp-json\/wp\/v2\/posts\/3289\/revisions"}],"predecessor-version":[{"id":3292,"href":"https:\/\/periodicolarepublica.com\/index.php\/wp-json\/wp\/v2\/posts\/3289\/revisions\/3292"}],"wp:featuredmedia":[{"embeddable":true,"href":"https:\/\/periodicolarepublica.com\/index.php\/wp-json\/wp\/v2\/media\/1804"}],"wp:attachment":[{"href":"https:\/\/periodicolarepublica.com\/index.php\/wp-json\/wp\/v2\/media?parent=3289"}],"wp:term":[{"taxonomy":"category","embeddable":true,"href":"https:\/\/periodicolarepublica.com\/index.php\/wp-json\/wp\/v2\/categories?post=3289"},{"taxonomy":"post_tag","embeddable":true,"href":"https:\/\/periodicolarepublica.com\/index.php\/wp-json\/wp\/v2\/tags?post=3289"}],"curies":[{"name":"wp","href":"https:\/\/api.w.org\/{rel}","templated":true}]}}