{"id":3293,"date":"2025-05-15T04:33:43","date_gmt":"2025-05-15T02:33:43","guid":{"rendered":"https:\/\/periodicolarepublica.com\/?p=3293"},"modified":"2025-05-15T04:33:43","modified_gmt":"2025-05-15T02:33:43","slug":"rechazo-a-llamado-a-huelga-del-dr-waldo-ariel-suero-la-salud-del-pueblo-no-puede-sacrificarse-por-intereses-gremiales","status":"publish","type":"post","link":"https:\/\/periodicolarepublica.com\/index.php\/2025\/05\/15\/rechazo-a-llamado-a-huelga-del-dr-waldo-ariel-suero-la-salud-del-pueblo-no-puede-sacrificarse-por-intereses-gremiales\/","title":{"rendered":"Rechazo a llamado a huelga del Dr. Waldo Ariel Suero: La salud del pueblo no puede sacrificarse por intereses gremiales"},"content":{"rendered":"<p>Santo Domingo, \u2013Diversos sectores de la sociedad dominicana han expresado su preocupaci\u00f3n y rechazo ante el reciente llamado a huelga nacional por parte del Dr. Waldo Ariel Suero, argumentando que esta acci\u00f3n responde m\u00e1s a intereses gremiales que al bienestar de la poblaci\u00f3n.<\/p>\n<p>&nbsp;<\/p>\n<p>El Dr. Suero, conocido por su prolongada trayectoria como dirigente gremial, ha convocado a una paralizaci\u00f3n de los servicios m\u00e9dicos en protesta por la desvinculaci\u00f3n de varios m\u00e9dicos. Sin embargo, se ha revelado que muchos de los profesionales en cuesti\u00f3n residen fuera del pa\u00eds, no asisten regularmente a sus centros de trabajo o figuran en m\u00faltiples n\u00f3minas del Estado, sin brindar el servicio correspondiente.<\/p>\n<p>&nbsp;<\/p>\n<p>\u201cEste llamado a huelga representa una afrenta directa al derecho a la salud de millones de dominicanos. No se puede justificar la defensa de irregularidades administrativas bajo el pretexto de la lucha gremial\u201d, declar\u00f3 una fuente del sector que pidi\u00f3 mantenerse en anonimato.<\/p>\n<p>&nbsp;<\/p>\n<p>La poblaci\u00f3n merece un sistema de salud transparente, eficiente y comprometido con el servicio. Defender privilegios personales o grupales a costa del sufrimiento de los m\u00e1s vulnerables no es \u00e9tica ni moralmente aceptable.<\/p>\n<p>&nbsp;<\/p>\n<p>Hacemos un llamado a la sensatez y al compromiso con el pueblo dominicano. La salud no puede ser reh\u00e9n de intereses particulares.<img loading=\"lazy\" decoding=\"async\" class=\"size-medium wp-image-3294 alignright\" src=\"https:\/\/periodicolarepublica.com\/wp-content\/uploads\/2025\/05\/IMG_20250514_121845-300x293.jpg\" alt=\"\" width=\"300\" height=\"293\" srcset=\"https:\/\/periodicolarepublica.com\/wp-content\/uploads\/2025\/05\/IMG_20250514_121845-300x293.jpg?v=1747276415 300w, https:\/\/periodicolarepublica.com\/wp-content\/uploads\/2025\/05\/IMG_20250514_121845-1024x1000.jpg?v=1747276415 1024w, https:\/\/periodicolarepublica.com\/wp-content\/uploads\/2025\/05\/IMG_20250514_121845-768x750.jpg?v=1747276415 768w, https:\/\/periodicolarepublica.com\/wp-content\/uploads\/2025\/05\/IMG_20250514_121845-150x147.jpg?v=1747276415 150w, https:\/\/periodicolarepublica.com\/wp-content\/uploads\/2025\/05\/IMG_20250514_121845-600x586.jpg?v=1747276415 600w, https:\/\/periodicolarepublica.com\/wp-content\/uploads\/2025\/05\/IMG_20250514_121845-696x680.jpg?v=1747276415 696w, https:\/\/periodicolarepublica.com\/wp-content\/uploads\/2025\/05\/IMG_20250514_121845-1068x1043.jpg?v=1747276415 1068w, https:\/\/periodicolarepublica.com\/wp-content\/uploads\/2025\/05\/IMG_20250514_121845.jpg?v=1747276415 1080w\" sizes=\"auto, (max-width: 300px) 100vw, 300px\" \/><\/p>\n","protected":false},"excerpt":{"rendered":"<p>Santo Domingo, \u2013Diversos sectores de la sociedad dominicana han expresado su preocupaci\u00f3n y rechazo ante el reciente llamado a huelga nacional por parte del Dr. Waldo Ariel Suero, argumentando que esta acci\u00f3n responde m\u00e1s a intereses gremiales que al bienestar de la poblaci\u00f3n. &nbsp; El Dr. Suero, conocido por su prolongada trayectoria como dirigente gremial, [&hellip;]<\/p>\n","protected":false},"author":10,"featured_media":3294,"comment_status":"open","ping_status":"open","sticky":false,"template":"","format":"standard","meta":{"om_disable_all_campaigns":false,"_monsterinsights_skip_tracking":false,"_monsterinsights_sitenote_active":false,"_monsterinsights_sitenote_note":"","_monsterinsights_sitenote_category":0,"footnotes":""},"categories":[1],"tags":[],"class_list":{"0":"post-3293","1":"post","2":"type-post","3":"status-publish","4":"format-standard","5":"has-post-thumbnail","7":"category-nacionales"},"aioseo_notices":[],"_links":{"self":[{"href":"https:\/\/periodicolarepublica.com\/index.php\/wp-json\/wp\/v2\/posts\/3293","targetHints":{"allow":["GET"]}}],"collection":[{"href":"https:\/\/periodicolarepublica.com\/index.php\/wp-json\/wp\/v2\/posts"}],"about":[{"href":"https:\/\/periodicolarepublica.com\/index.php\/wp-json\/wp\/v2\/types\/post"}],"author":[{"embeddable":true,"href":"https:\/\/periodicolarepublica.com\/index.php\/wp-json\/wp\/v2\/users\/10"}],"replies":[{"embeddable":true,"href":"https:\/\/periodicolarepublica.com\/index.php\/wp-json\/wp\/v2\/comments?post=3293"}],"version-history":[{"count":1,"href":"https:\/\/periodicolarepublica.com\/index.php\/wp-json\/wp\/v2\/posts\/3293\/revisions"}],"predecessor-version":[{"id":3295,"href":"https:\/\/periodicolarepublica.com\/index.php\/wp-json\/wp\/v2\/posts\/3293\/revisions\/3295"}],"wp:featuredmedia":[{"embeddable":true,"href":"https:\/\/periodicolarepublica.com\/index.php\/wp-json\/wp\/v2\/media\/3294"}],"wp:attachment":[{"href":"https:\/\/periodicolarepublica.com\/index.php\/wp-json\/wp\/v2\/media?parent=3293"}],"wp:term":[{"taxonomy":"category","embeddable":true,"href":"https:\/\/periodicolarepublica.com\/index.php\/wp-json\/wp\/v2\/categories?post=3293"},{"taxonomy":"post_tag","embeddable":true,"href":"https:\/\/periodicolarepublica.com\/index.php\/wp-json\/wp\/v2\/tags?post=3293"}],"curies":[{"name":"wp","href":"https:\/\/api.w.org\/{rel}","templated":true}]}}