{"id":3296,"date":"2025-05-16T16:12:34","date_gmt":"2025-05-16T14:12:34","guid":{"rendered":"https:\/\/periodicolarepublica.com\/?p=3296"},"modified":"2025-05-16T16:12:34","modified_gmt":"2025-05-16T14:12:34","slug":"tomas-hernandez-alberto-destaca-liderazgo-de-luis-abinader-y-llama-a-la-unidad-en-el-prm","status":"publish","type":"post","link":"https:\/\/periodicolarepublica.com\/index.php\/2025\/05\/16\/tomas-hernandez-alberto-destaca-liderazgo-de-luis-abinader-y-llama-a-la-unidad-en-el-prm\/","title":{"rendered":"Tom\u00e1s Hern\u00e1ndez Alberto Destaca Liderazgo de Luis Abinader y Llama a la Unidad en el PRM"},"content":{"rendered":"<p>Santo Domingo, -El presidente del movimiento Poder P\u2019AL Pueblo, Tom\u00e1s Hern\u00e1ndez Alberto, expres\u00f3 este jueves su firme respaldo a la gesti\u00f3n del presidente Luis Abinader y enfatiz\u00f3 la necesidad de unidad y madurez pol\u00edtica en el proceso de selecci\u00f3n del pr\u00f3ximo candidato presidencial del Partido Revolucionario Moderno (PRM). Las declaraciones fueron ofrecidas durante su participaci\u00f3n en el programa El Martinal, transmitido por el canal 5 de Telemicro.<\/p>\n<p>&nbsp;<\/p>\n<p>Durante la entrevista, Hern\u00e1ndez Alberto elogi\u00f3 el perfil de los actuales aspirantes del PRM, destacando que \u00abtodos y todas re\u00fanen condiciones suficientes para el ejercicio de una presidencia\u00bb. No obstante, recalc\u00f3 que el reto es considerable, ya que el liderazgo de Abinader ha elevado el nivel de exigencia: \u201cLos zapatos que se van a poner tienen los pies grandes. Es decir, los pies de Luis han crecido durante su gesti\u00f3n\u201d, expres\u00f3 de manera metaf\u00f3rica.<\/p>\n<p>&nbsp;<\/p>\n<p>El dirigente pol\u00edtico puntualiz\u00f3 que, m\u00e1s all\u00e1 de las capacidades individuales, lo que se requiere en estos momentos es garantizar que el pr\u00f3ximo abanderado del partido cuente con un respaldo absoluto que le permita continuar el rumbo de transformaciones que, seg\u00fan dijo, ya ha iniciado el actual mandatario. \u201cTenemos que cuidar para que el que se ponga el zapato tenga un apoyo tan total que no haya duda de que podr\u00e1 ganar\u201d, afirm\u00f3.<\/p>\n<p>&nbsp;<\/p>\n<p>Asimismo, Hern\u00e1ndez Alberto advirti\u00f3 sobre los riesgos de la desuni\u00f3n o la improvisaci\u00f3n en el proceso interno del PRM. Asegur\u00f3 que existe un consenso generalizado sobre la necesidad de mantener la estabilidad pol\u00edtica y gubernamental alcanzada en los \u00faltimos a\u00f1os, y que cualquier error de c\u00e1lculo pol\u00edtico podr\u00eda tener consecuencias negativas. \u201cCualquiera que se equivoque va a pagar la consecuencia. \u00bfCu\u00e1l es la consecuencia? Que no le van a poner caso\u201d, sentenci\u00f3.<\/p>\n<p>&nbsp;<\/p>\n<p>Al justificar su apoyo irrestricto al presidente Abinader, el presidente de Poder P\u2019AL Pueblo destac\u00f3 logros como el fortalecimiento de la transparencia institucional, la lucha frontal contra la corrupci\u00f3n y el rol de liderazgo regional que ha asumido el pa\u00eds. \u201cUn presidente que ha logrado que en este pa\u00eds se implemente la transparencia, que se luche abiertamente contra la corrupci\u00f3n, es un presidente de categor\u00eda\u201d, sostuvo.<\/p>\n<p>&nbsp;<\/p>\n<p>Tom\u00e1s Hern\u00e1ndez record\u00f3 que el movimiento Poder P\u2019AL Pueblo naci\u00f3 precisamente para respaldar una nueva forma de hacer pol\u00edtica, y que en Luis Abinader encontraron el l\u00edder con la visi\u00f3n y el compromiso necesarios para ejecutar las grandes transformaciones que demanda la Rep\u00fablica Dominicana.<\/p>\n<p>&nbsp;<\/p>\n<p>En ese sentido, llam\u00f3 a los sectores internos del PRM y a la ciudadan\u00eda en general a proteger el legado que se ha venido construyendo y a asumir con responsabilidad el proceso electoral que se avecina. \u201cLa gente est\u00e1 convencida de esto. No podemos retroceder. El pa\u00eds ha comenzado a cambiar, y debemos consolidar ese cambio\u201d, dijo.<\/p>\n<p>&nbsp;<\/p>\n<p>Finalmente, Hern\u00e1ndez Alberto reiter\u00f3 que el momento actual exige madurez pol\u00edtica y visi\u00f3n de futuro. \u201cNo se trata solo de ganar elecciones, sino de garantizar que quien nos represente contin\u00fae el camino de avance, de transparencia y de desarrollo que se ha abierto en esta gesti\u00f3n\u201d, concluy\u00f3.<img loading=\"lazy\" decoding=\"async\" class=\"size-medium wp-image-3297 alignright\" src=\"https:\/\/periodicolarepublica.com\/wp-content\/uploads\/2025\/05\/IMG_20250516_084326-300x184.jpg\" alt=\"\" width=\"300\" height=\"184\" srcset=\"https:\/\/periodicolarepublica.com\/wp-content\/uploads\/2025\/05\/IMG_20250516_084326-300x184.jpg?v=1747404734 300w, https:\/\/periodicolarepublica.com\/wp-content\/uploads\/2025\/05\/IMG_20250516_084326-768x472.jpg?v=1747404734 768w, https:\/\/periodicolarepublica.com\/wp-content\/uploads\/2025\/05\/IMG_20250516_084326-150x92.jpg?v=1747404734 150w, https:\/\/periodicolarepublica.com\/wp-content\/uploads\/2025\/05\/IMG_20250516_084326-600x368.jpg?v=1747404734 600w, https:\/\/periodicolarepublica.com\/wp-content\/uploads\/2025\/05\/IMG_20250516_084326-696x427.jpg?v=1747404734 696w, https:\/\/periodicolarepublica.com\/wp-content\/uploads\/2025\/05\/IMG_20250516_084326.jpg?v=1747404734 961w\" sizes=\"auto, (max-width: 300px) 100vw, 300px\" \/><\/p>\n","protected":false},"excerpt":{"rendered":"<p>Santo Domingo, -El presidente del movimiento Poder P\u2019AL Pueblo, Tom\u00e1s Hern\u00e1ndez Alberto, expres\u00f3 este jueves su firme respaldo a la gesti\u00f3n del presidente Luis Abinader y enfatiz\u00f3 la necesidad de unidad y madurez pol\u00edtica en el proceso de selecci\u00f3n del pr\u00f3ximo candidato presidencial del Partido Revolucionario Moderno (PRM). Las declaraciones fueron ofrecidas durante su participaci\u00f3n [&hellip;]<\/p>\n","protected":false},"author":10,"featured_media":3297,"comment_status":"open","ping_status":"open","sticky":false,"template":"","format":"standard","meta":{"om_disable_all_campaigns":false,"_monsterinsights_skip_tracking":false,"_monsterinsights_sitenote_active":false,"_monsterinsights_sitenote_note":"","_monsterinsights_sitenote_category":0,"footnotes":""},"categories":[1],"tags":[163],"class_list":{"0":"post-3296","1":"post","2":"type-post","3":"status-publish","4":"format-standard","5":"has-post-thumbnail","7":"category-nacionales","8":"tag-tomas-hernandez-alberto"},"aioseo_notices":[],"_links":{"self":[{"href":"https:\/\/periodicolarepublica.com\/index.php\/wp-json\/wp\/v2\/posts\/3296","targetHints":{"allow":["GET"]}}],"collection":[{"href":"https:\/\/periodicolarepublica.com\/index.php\/wp-json\/wp\/v2\/posts"}],"about":[{"href":"https:\/\/periodicolarepublica.com\/index.php\/wp-json\/wp\/v2\/types\/post"}],"author":[{"embeddable":true,"href":"https:\/\/periodicolarepublica.com\/index.php\/wp-json\/wp\/v2\/users\/10"}],"replies":[{"embeddable":true,"href":"https:\/\/periodicolarepublica.com\/index.php\/wp-json\/wp\/v2\/comments?post=3296"}],"version-history":[{"count":1,"href":"https:\/\/periodicolarepublica.com\/index.php\/wp-json\/wp\/v2\/posts\/3296\/revisions"}],"predecessor-version":[{"id":3298,"href":"https:\/\/periodicolarepublica.com\/index.php\/wp-json\/wp\/v2\/posts\/3296\/revisions\/3298"}],"wp:featuredmedia":[{"embeddable":true,"href":"https:\/\/periodicolarepublica.com\/index.php\/wp-json\/wp\/v2\/media\/3297"}],"wp:attachment":[{"href":"https:\/\/periodicolarepublica.com\/index.php\/wp-json\/wp\/v2\/media?parent=3296"}],"wp:term":[{"taxonomy":"category","embeddable":true,"href":"https:\/\/periodicolarepublica.com\/index.php\/wp-json\/wp\/v2\/categories?post=3296"},{"taxonomy":"post_tag","embeddable":true,"href":"https:\/\/periodicolarepublica.com\/index.php\/wp-json\/wp\/v2\/tags?post=3296"}],"curies":[{"name":"wp","href":"https:\/\/api.w.org\/{rel}","templated":true}]}}