{"id":3301,"date":"2025-05-17T15:26:38","date_gmt":"2025-05-17T13:26:38","guid":{"rendered":"https:\/\/periodicolarepublica.com\/?p=3301"},"modified":"2025-05-17T15:26:38","modified_gmt":"2025-05-17T13:26:38","slug":"alcaldia-de-spm-designa-calle-en-honor-a-la-pastora-mirian-robles-en-villa-velasquez","status":"publish","type":"post","link":"https:\/\/periodicolarepublica.com\/index.php\/2025\/05\/17\/alcaldia-de-spm-designa-calle-en-honor-a-la-pastora-mirian-robles-en-villa-velasquez\/","title":{"rendered":"Alcald\u00eda de SPM designa calle en honor a la pastora Mirian Robles en Villa Vel\u00e1squez"},"content":{"rendered":"<p>San Pedro de Macor\u00eds, R.D. \u2013 En un emotivo acto, la Alcald\u00eda de este municipio design\u00f3 oficialmente una calle del sector Villa Vel\u00e1squez con el nombre de la pastora Mirian Robles, fundadora de la iglesia C\u00edrculo de Oraci\u00f3n.<\/p>\n<p>&nbsp;<\/p>\n<p>Durante la ceremonia estuvieron presentes sus hijos Pedro Julio, Loida Esther, Rebeca, Ruth y Francia, todos ellos pastores en diferentes iglesias, quienes compartieron palabras de agradecimiento y recordaron el legado de su madre.<\/p>\n<p>&nbsp;<\/p>\n<p>*El alcalde Rafa Ortiz expres\u00f3 que es un orgullo para el Ayuntamiento rendir homenaje a una figura tan ejemplar como la pastora Robles. \u201cNo se trata solo de colocar su nombre en una calle, sino de reconocer todo lo que represent\u00f3 para la comunidad cristiana de San Pedro de Macor\u00eds\u201d, se\u00f1al\u00f3.*<\/p>\n<p>&nbsp;<\/p>\n<p>La calle designada con su nombre est\u00e1 ubicada entre las avenidas Independencia y General Duverg\u00e9, frente al colegio Cristo Rey y pr\u00f3xima a la iglesia C\u00edrculo de Oraci\u00f3n, obra que fund\u00f3 la homenajeada.<\/p>\n<p>&nbsp;<\/p>\n<p>Adem\u00e1s de los familiares, participaron en el acto la se\u00f1ora Silvia Suriel, esposa del Pastor Pedro Julio Tejera (perkin); el superintendente de las iglesias Asamblea de Dios, pastor Julio Morales Adames; el pastor y regidor Fabio Alberto Silvestre; miembros de la iglesia C\u00edrculo de Oraci\u00f3n y otros familiares y comunitarios.<\/p>\n<p>Con este reconocimiento, la Alcald\u00eda de San Pedro de Macor\u00eds reafirma su compromiso de exaltar a ciudadanos ejemplares que han contribuido al desarrollo espiritual y social del municipio.<\/p>\n<p><img loading=\"lazy\" decoding=\"async\" class=\"alignnone size-full wp-image-3302\" src=\"https:\/\/periodicolarepublica.com\/wp-content\/uploads\/2025\/05\/IMG_20250517_092544.jpg\" alt=\"\" width=\"299\" height=\"200\" srcset=\"https:\/\/periodicolarepublica.com\/wp-content\/uploads\/2025\/05\/IMG_20250517_092544.jpg 299w, https:\/\/periodicolarepublica.com\/wp-content\/uploads\/2025\/05\/IMG_20250517_092544-150x100.jpg 150w\" sizes=\"auto, (max-width: 299px) 100vw, 299px\" \/><\/p>\n","protected":false},"excerpt":{"rendered":"<p>San Pedro de Macor\u00eds, R.D. \u2013 En un emotivo acto, la Alcald\u00eda de este municipio design\u00f3 oficialmente una calle del sector Villa Vel\u00e1squez con el nombre de la pastora Mirian Robles, fundadora de la iglesia C\u00edrculo de Oraci\u00f3n. &nbsp; Durante la ceremonia estuvieron presentes sus hijos Pedro Julio, Loida Esther, Rebeca, Ruth y Francia, todos [&hellip;]<\/p>\n","protected":false},"author":6,"featured_media":3302,"comment_status":"open","ping_status":"open","sticky":false,"template":"","format":"standard","meta":{"om_disable_all_campaigns":false,"_monsterinsights_skip_tracking":false,"_monsterinsights_sitenote_active":false,"_monsterinsights_sitenote_note":"","_monsterinsights_sitenote_category":0,"footnotes":""},"categories":[1],"tags":[400],"class_list":{"0":"post-3301","1":"post","2":"type-post","3":"status-publish","4":"format-standard","5":"has-post-thumbnail","7":"category-nacionales","8":"tag-san-pedro-de-macoris"},"aioseo_notices":[],"_links":{"self":[{"href":"https:\/\/periodicolarepublica.com\/index.php\/wp-json\/wp\/v2\/posts\/3301","targetHints":{"allow":["GET"]}}],"collection":[{"href":"https:\/\/periodicolarepublica.com\/index.php\/wp-json\/wp\/v2\/posts"}],"about":[{"href":"https:\/\/periodicolarepublica.com\/index.php\/wp-json\/wp\/v2\/types\/post"}],"author":[{"embeddable":true,"href":"https:\/\/periodicolarepublica.com\/index.php\/wp-json\/wp\/v2\/users\/6"}],"replies":[{"embeddable":true,"href":"https:\/\/periodicolarepublica.com\/index.php\/wp-json\/wp\/v2\/comments?post=3301"}],"version-history":[{"count":1,"href":"https:\/\/periodicolarepublica.com\/index.php\/wp-json\/wp\/v2\/posts\/3301\/revisions"}],"predecessor-version":[{"id":3303,"href":"https:\/\/periodicolarepublica.com\/index.php\/wp-json\/wp\/v2\/posts\/3301\/revisions\/3303"}],"wp:featuredmedia":[{"embeddable":true,"href":"https:\/\/periodicolarepublica.com\/index.php\/wp-json\/wp\/v2\/media\/3302"}],"wp:attachment":[{"href":"https:\/\/periodicolarepublica.com\/index.php\/wp-json\/wp\/v2\/media?parent=3301"}],"wp:term":[{"taxonomy":"category","embeddable":true,"href":"https:\/\/periodicolarepublica.com\/index.php\/wp-json\/wp\/v2\/categories?post=3301"},{"taxonomy":"post_tag","embeddable":true,"href":"https:\/\/periodicolarepublica.com\/index.php\/wp-json\/wp\/v2\/tags?post=3301"}],"curies":[{"name":"wp","href":"https:\/\/api.w.org\/{rel}","templated":true}]}}