{"id":3308,"date":"2025-05-17T16:23:12","date_gmt":"2025-05-17T14:23:12","guid":{"rendered":"https:\/\/periodicolarepublica.com\/?p=3308"},"modified":"2025-05-17T16:23:12","modified_gmt":"2025-05-17T14:23:12","slug":"3308","status":"publish","type":"post","link":"https:\/\/periodicolarepublica.com\/index.php\/2025\/05\/17\/3308\/","title":{"rendered":""},"content":{"rendered":"<p>*Energ\u00eda y Minas entrega kits de cocinas limpias a casi un centenar de familias de El Valle, Hato Mayor*<\/p>\n<p>&nbsp;<\/p>\n<p>_La viceministra Betty Soto resalta el impacto ambiental, sanitario y social de sustituir la le\u00f1a por gas en comunidades rurales_<\/p>\n<p>&nbsp;<\/p>\n<p>HATO MAYOR. Casi un centenar de familias de las comunidades Tuningo, Trocha Arriba, Trocha Abajo y Mango Limpio, en el municipio El Valle, fueron beneficiadas con kits del Proyecto Cocinas Limpias, una iniciativa del Ministerio de Energ\u00eda y Minas (MEM) que busca erradicar el uso de le\u00f1a y carb\u00f3n en los hogares, promoviendo el uso de gas licuado de petr\u00f3leo (GLP) como una alternativa limpia y segura.<\/p>\n<p>&nbsp;<\/p>\n<p>La entrega fue encabezada por la viceministra de Innovaci\u00f3n y Transici\u00f3n Energ\u00e9tica, Betty Soto, en representaci\u00f3n del ministro Joel Santos, quien resalt\u00f3 que ese proyecto responde al compromiso del Gobierno dominicano, de avanzar hacia una transici\u00f3n energ\u00e9tica m\u00e1s justa e inclusiva, especialmente en comunidades vulnerables del pa\u00eds.<\/p>\n<p>&nbsp;<\/p>\n<p>\u201cHoy dejamos atr\u00e1s el humo constante, las enfermedades respiratorias y la tala de \u00e1rboles, para dar paso a una energ\u00eda que protege la salud, cuida el ambiente y mejora la calidad de vida\u201d, expres\u00f3 Soto, al hacer entrega de los equipos, que incluye estufas de mesa de cuatro hornillas, cilindros de gas, mangueras y elementos de conexi\u00f3n.<\/p>\n<p>&nbsp;<\/p>\n<p>Durante la jornada, tambi\u00e9n se realiz\u00f3 un operativo m\u00e9dico en las comunidades beneficiadas, se distribuyeron raciones de alimentos crudos, instalaron l\u00e1mparas solares y se hizo una donaci\u00f3n de medicamentos a la Unidad de Atenci\u00f3n Primaria (UNAP) de El Valle, como parte de un enfoque integral que combina energ\u00eda, salud y asistencia social.<\/p>\n<p>&nbsp;<\/p>\n<p>El proyecto se ejecuta a trav\u00e9s del Viceministerio de Innovaci\u00f3n y Transici\u00f3n Energ\u00e9tica en conjunto con la Direcci\u00f3n de Gesti\u00f3n Social y Comunitaria y forma parte del compromiso asumido por Rep\u00fablica Dominicana ante las Naciones Unidas en 2021, dentro del contexto de los Objetivos de Desarrollo Sostenible (ODS), espec\u00edficamente la meta 7.1, que promueve el acceso universal a fuentes de energ\u00eda limpia y asequible.<\/p>\n<p>&nbsp;<\/p>\n<p>Las familias beneficiadas fueron identificadas a trav\u00e9s del programa Cultivando Agua Buena, que prioriza hogares en condiciones de vulnerabilidad energ\u00e9tica y promueve la participaci\u00f3n comunitaria en el seguimiento del uso de los kits entregados.<\/p>\n<p>&nbsp;<\/p>\n<p>\u201cLa energ\u00eda no debe ser un privilegio, sino, un derecho. Y cuando el Estado y las comunidades trabajan juntas, los cambios reales son posibles\u201d, enfatiz\u00f3 la viceministra Soto Vi\u00f1as, ante decenas de comunitarios que agradecieron la iniciativa.<\/p>\n<p>&nbsp;<\/p>\n<p>En tanto, Maribel Sim\u00f3n, gobernadora provincial, resalt\u00f3 el valor del proyecto para las comunidades de El Valle, y felicit\u00f3 al ministro de Energ\u00eda y Minas por la iniciativa, \u00abque beneficir\u00e1 no solo la salud, tambi\u00e9n mejorar\u00e1 la calidad de vida de los comunitarios y el medioambiente\u00bb.<\/p>\n<p>&nbsp;<\/p>\n<p>Durante el acto, desarrollado en la Escuela Primaria Tuningo, tambi\u00e9n estuvieron presentes Jos\u00e9 Thelma Peguero, alcalde del municipio El Valle, y Franklin Villanueva, director de la Regional 05, del Ministerio de Educaci\u00f3n.\u00a0Por el MEM, asistieron Dionis Bladimir Ozorio, director de Gesti\u00f3n Social y Comunitaria; Ernesto Acevedo, director de Energ\u00eda Renovable, y Nadia Mart\u00ednez, directora Jur\u00eddica.<\/p>\n<p><img loading=\"lazy\" decoding=\"async\" class=\"alignnone size-medium wp-image-2911\" src=\"https:\/\/periodicolarepublica.com\/wp-content\/uploads\/2025\/03\/fachada-MEM-1-300x169.webp\" alt=\"\" width=\"300\" height=\"169\" \/><\/p>\n<p>*Direcci\u00f3n de Comunicaciones*<\/p>\n<p>17 de mayo de 2025<\/p>\n","protected":false},"excerpt":{"rendered":"<p>*Energ\u00eda y Minas entrega kits de cocinas limpias a casi un centenar de familias de El Valle, Hato Mayor* &nbsp; _La viceministra Betty Soto resalta el impacto ambiental, sanitario y social de sustituir la le\u00f1a por gas en comunidades rurales_ &nbsp; HATO MAYOR. Casi un centenar de familias de las comunidades Tuningo, Trocha Arriba, Trocha [&hellip;]<\/p>\n","protected":false},"author":6,"featured_media":2911,"comment_status":"open","ping_status":"open","sticky":false,"template":"","format":"standard","meta":{"om_disable_all_campaigns":false,"_monsterinsights_skip_tracking":false,"_monsterinsights_sitenote_active":false,"_monsterinsights_sitenote_note":"","_monsterinsights_sitenote_category":0,"footnotes":""},"categories":[1],"tags":[],"class_list":{"0":"post-3308","1":"post","2":"type-post","3":"status-publish","4":"format-standard","5":"has-post-thumbnail","7":"category-nacionales"},"aioseo_notices":[],"_links":{"self":[{"href":"https:\/\/periodicolarepublica.com\/index.php\/wp-json\/wp\/v2\/posts\/3308","targetHints":{"allow":["GET"]}}],"collection":[{"href":"https:\/\/periodicolarepublica.com\/index.php\/wp-json\/wp\/v2\/posts"}],"about":[{"href":"https:\/\/periodicolarepublica.com\/index.php\/wp-json\/wp\/v2\/types\/post"}],"author":[{"embeddable":true,"href":"https:\/\/periodicolarepublica.com\/index.php\/wp-json\/wp\/v2\/users\/6"}],"replies":[{"embeddable":true,"href":"https:\/\/periodicolarepublica.com\/index.php\/wp-json\/wp\/v2\/comments?post=3308"}],"version-history":[{"count":1,"href":"https:\/\/periodicolarepublica.com\/index.php\/wp-json\/wp\/v2\/posts\/3308\/revisions"}],"predecessor-version":[{"id":3309,"href":"https:\/\/periodicolarepublica.com\/index.php\/wp-json\/wp\/v2\/posts\/3308\/revisions\/3309"}],"wp:featuredmedia":[{"embeddable":true,"href":"https:\/\/periodicolarepublica.com\/index.php\/wp-json\/wp\/v2\/media\/2911"}],"wp:attachment":[{"href":"https:\/\/periodicolarepublica.com\/index.php\/wp-json\/wp\/v2\/media?parent=3308"}],"wp:term":[{"taxonomy":"category","embeddable":true,"href":"https:\/\/periodicolarepublica.com\/index.php\/wp-json\/wp\/v2\/categories?post=3308"},{"taxonomy":"post_tag","embeddable":true,"href":"https:\/\/periodicolarepublica.com\/index.php\/wp-json\/wp\/v2\/tags?post=3308"}],"curies":[{"name":"wp","href":"https:\/\/api.w.org\/{rel}","templated":true}]}}