{"id":3310,"date":"2025-05-17T17:55:34","date_gmt":"2025-05-17T15:55:34","guid":{"rendered":"https:\/\/periodicolarepublica.com\/?p=3310"},"modified":"2025-05-17T17:55:34","modified_gmt":"2025-05-17T15:55:34","slug":"carolina-mejia-supervisa-trabajos-preventivos-para-mitigar-efectos-de-la-vaguada","status":"publish","type":"post","link":"https:\/\/periodicolarepublica.com\/index.php\/2025\/05\/17\/carolina-mejia-supervisa-trabajos-preventivos-para-mitigar-efectos-de-la-vaguada\/","title":{"rendered":"Carolina Mej\u00eda supervisa trabajos preventivos para mitigar efectos de la vaguada"},"content":{"rendered":"<p>&nbsp;<\/p>\n<p>Santo Domingo, DN \u2013 Carolina Mej\u00eda recorri\u00f3 varios puntos para supervisar personalmente los trabajos que se han estado realizando para mitigar los efectos de la vaguada que ha producido lluvias en el Distrito Nacional.<\/p>\n<p>\u201cNos encontramos aqu\u00ed para revisar personalmente las medidas que se han tomado para hacer frente a las lluvias que han afectado a la capital, siempre pensando en salvaguardar a nuestra gente\u201d, expres\u00f3.<\/p>\n<p>La alcaldesa del Distrito Nacional se hizo acompa\u00f1ar por directores y brigadas operativa del cabildo en el recorrido que abarca varios de los lugares en los que tradicionalmente se crean situaciones por la incidencia de lluvias. En ese sentido, la ejecutiva municipal supervis\u00f3 la limpieza de varios puntos cr\u00edticos del sector Los Praditos, as\u00ed como el buen funcionamiento de las lagunas de la urbanizaci\u00f3n Fern\u00e1ndez y de Las Praderas, entre otros sitios.<\/p>\n<p>&nbsp;<\/p>\n<p>Ayer viernes, Mej\u00eda activ\u00f3 el Comit\u00e9 de Prevenci\u00f3n, Mitigaci\u00f3n y Respuesta ante Desastres del Distrito Nacional para articular las respuestas inmediatas ante las lluvias por las que en ese momento la capital se encontraba bajo alerta roja.<\/p>\n<p>&nbsp;<\/p>\n<p>Este s\u00e1bado, el Instituto Dominicano de Meteorolog\u00eda ha pronosticado que la vaguada ha comenzado a alejarse del territorio nacional, con lo que se espera que disminuyan las lluvias en las siguientes 48 horas.<\/p>\n<p>&nbsp;<\/p>\n<p>Hasta el momento 24 demarcaciones se encuentran bajo alerta, de acuerdo a las informaciones ofrecidas por el Centro de Operaciones de Emergencias.<\/p>\n<p><img loading=\"lazy\" decoding=\"async\" class=\"alignnone size-medium wp-image-2012\" src=\"https:\/\/periodicolarepublica.com\/wp-content\/uploads\/2024\/11\/IMG-20241104-WA0015-300x200.jpg\" alt=\"\" width=\"300\" height=\"200\" srcset=\"https:\/\/periodicolarepublica.com\/wp-content\/uploads\/2024\/11\/IMG-20241104-WA0015-300x200.jpg?v=1730750355 300w, https:\/\/periodicolarepublica.com\/wp-content\/uploads\/2024\/11\/IMG-20241104-WA0015-1024x682.jpg?v=1730750355 1024w, https:\/\/periodicolarepublica.com\/wp-content\/uploads\/2024\/11\/IMG-20241104-WA0015-768x512.jpg?v=1730750355 768w, https:\/\/periodicolarepublica.com\/wp-content\/uploads\/2024\/11\/IMG-20241104-WA0015-1536x1023.jpg?v=1730750355 1536w, https:\/\/periodicolarepublica.com\/wp-content\/uploads\/2024\/11\/IMG-20241104-WA0015-150x100.jpg?v=1730750355 150w, https:\/\/periodicolarepublica.com\/wp-content\/uploads\/2024\/11\/IMG-20241104-WA0015-600x400.jpg?v=1730750355 600w, https:\/\/periodicolarepublica.com\/wp-content\/uploads\/2024\/11\/IMG-20241104-WA0015-696x464.jpg?v=1730750355 696w, https:\/\/periodicolarepublica.com\/wp-content\/uploads\/2024\/11\/IMG-20241104-WA0015-1392x927.jpg?v=1730750355 1392w, https:\/\/periodicolarepublica.com\/wp-content\/uploads\/2024\/11\/IMG-20241104-WA0015-1068x712.jpg?v=1730750355 1068w, https:\/\/periodicolarepublica.com\/wp-content\/uploads\/2024\/11\/IMG-20241104-WA0015.jpg?v=1730750355 1600w\" sizes=\"auto, (max-width: 300px) 100vw, 300px\" \/><\/p>\n","protected":false},"excerpt":{"rendered":"<p>&nbsp; Santo Domingo, DN \u2013 Carolina Mej\u00eda recorri\u00f3 varios puntos para supervisar personalmente los trabajos que se han estado realizando para mitigar los efectos de la vaguada que ha producido lluvias en el Distrito Nacional. \u201cNos encontramos aqu\u00ed para revisar personalmente las medidas que se han tomado para hacer frente a las lluvias que han [&hellip;]<\/p>\n","protected":false},"author":6,"featured_media":2012,"comment_status":"open","ping_status":"open","sticky":false,"template":"","format":"standard","meta":{"om_disable_all_campaigns":false,"_monsterinsights_skip_tracking":false,"_monsterinsights_sitenote_active":false,"_monsterinsights_sitenote_note":"","_monsterinsights_sitenote_category":0,"footnotes":""},"categories":[1],"tags":[37],"class_list":{"0":"post-3310","1":"post","2":"type-post","3":"status-publish","4":"format-standard","5":"has-post-thumbnail","7":"category-nacionales","8":"tag-carolina-mejia"},"aioseo_notices":[],"_links":{"self":[{"href":"https:\/\/periodicolarepublica.com\/index.php\/wp-json\/wp\/v2\/posts\/3310","targetHints":{"allow":["GET"]}}],"collection":[{"href":"https:\/\/periodicolarepublica.com\/index.php\/wp-json\/wp\/v2\/posts"}],"about":[{"href":"https:\/\/periodicolarepublica.com\/index.php\/wp-json\/wp\/v2\/types\/post"}],"author":[{"embeddable":true,"href":"https:\/\/periodicolarepublica.com\/index.php\/wp-json\/wp\/v2\/users\/6"}],"replies":[{"embeddable":true,"href":"https:\/\/periodicolarepublica.com\/index.php\/wp-json\/wp\/v2\/comments?post=3310"}],"version-history":[{"count":1,"href":"https:\/\/periodicolarepublica.com\/index.php\/wp-json\/wp\/v2\/posts\/3310\/revisions"}],"predecessor-version":[{"id":3311,"href":"https:\/\/periodicolarepublica.com\/index.php\/wp-json\/wp\/v2\/posts\/3310\/revisions\/3311"}],"wp:featuredmedia":[{"embeddable":true,"href":"https:\/\/periodicolarepublica.com\/index.php\/wp-json\/wp\/v2\/media\/2012"}],"wp:attachment":[{"href":"https:\/\/periodicolarepublica.com\/index.php\/wp-json\/wp\/v2\/media?parent=3310"}],"wp:term":[{"taxonomy":"category","embeddable":true,"href":"https:\/\/periodicolarepublica.com\/index.php\/wp-json\/wp\/v2\/categories?post=3310"},{"taxonomy":"post_tag","embeddable":true,"href":"https:\/\/periodicolarepublica.com\/index.php\/wp-json\/wp\/v2\/tags?post=3310"}],"curies":[{"name":"wp","href":"https:\/\/api.w.org\/{rel}","templated":true}]}}