{"id":3314,"date":"2025-05-20T18:25:42","date_gmt":"2025-05-20T16:25:42","guid":{"rendered":"https:\/\/periodicolarepublica.com\/?p=3314"},"modified":"2025-05-20T18:25:42","modified_gmt":"2025-05-20T16:25:42","slug":"en-defensa-del-trabajo-del-ministro-de-salud-publica-dr-victor-atallah","status":"publish","type":"post","link":"https:\/\/periodicolarepublica.com\/index.php\/2025\/05\/20\/en-defensa-del-trabajo-del-ministro-de-salud-publica-dr-victor-atallah\/","title":{"rendered":"En defensa del trabajo del Ministro de Salud P\u00fablica, Dr. V\u00edctor Atallah"},"content":{"rendered":"<p>Santo Domingo, \u2014 Rechazamos de manera categ\u00f3rica la campa\u00f1a orquestada por algunos medios de comunicaci\u00f3n y comunicadores que buscan empa\u00f1ar el trabajo eficiente y comprometido que viene realizando el Ministro de Salud P\u00fablica, Dr. V\u00edctor Atallah.<\/p>\n<p>Lamentablemente, hemos sido testigos de pr\u00e1cticas irresponsables por parte de ciertos sectores que, en lugar de ejercer un periodismo \u00e9tico y constructivo, recurren al chantaje y la desinformaci\u00f3n para intentar desacreditar gestiones que est\u00e1n marcadas por la transparencia, el compromiso y el servicio a la poblaci\u00f3n.<\/p>\n<p>Estas acciones no solo son un atentado contra la reputaci\u00f3n del Dr. Atallah, sino tambi\u00e9n un obst\u00e1culo al avance del sistema de salud del pa\u00eds. No podemos permitir que intereses particulares se impongan sobre el bienestar colectivo y mucho menos que se normalice el uso de la comunicaci\u00f3n como herramienta de presi\u00f3n indebida.<\/p>\n<p>Hacemos un llamado al respeto, a la objetividad y a la responsabilidad social de los medios. El pa\u00eds necesita unidad, apoyo y cr\u00edtica constructiva para seguir avanzando. La labor del Ministerio de Salud P\u00fablica, encabezada por el Dr. V\u00edctor Atallah, continuar\u00e1 enfocada en garantizar servicios de salud dignos, accesibles y de calidad para todos los ciudadanos.<img loading=\"lazy\" decoding=\"async\" class=\"size-medium wp-image-3253 alignright\" src=\"https:\/\/periodicolarepublica.com\/wp-content\/uploads\/2025\/05\/IMG-20250509-WA0304-300x200.jpg\" alt=\"\" width=\"300\" height=\"200\" srcset=\"https:\/\/periodicolarepublica.com\/wp-content\/uploads\/2025\/05\/IMG-20250509-WA0304-300x200.jpg?v=1746806572 300w, https:\/\/periodicolarepublica.com\/wp-content\/uploads\/2025\/05\/IMG-20250509-WA0304-1024x683.jpg?v=1746806572 1024w, https:\/\/periodicolarepublica.com\/wp-content\/uploads\/2025\/05\/IMG-20250509-WA0304-768x512.jpg?v=1746806572 768w, https:\/\/periodicolarepublica.com\/wp-content\/uploads\/2025\/05\/IMG-20250509-WA0304-1536x1024.jpg?v=1746806572 1536w, https:\/\/periodicolarepublica.com\/wp-content\/uploads\/2025\/05\/IMG-20250509-WA0304-2048x1366.jpg?v=1746806572 2048w, https:\/\/periodicolarepublica.com\/wp-content\/uploads\/2025\/05\/IMG-20250509-WA0304-150x100.jpg?v=1746806572 150w, https:\/\/periodicolarepublica.com\/wp-content\/uploads\/2025\/05\/IMG-20250509-WA0304-600x400.jpg?v=1746806572 600w, https:\/\/periodicolarepublica.com\/wp-content\/uploads\/2025\/05\/IMG-20250509-WA0304-696x464.jpg?v=1746806572 696w, https:\/\/periodicolarepublica.com\/wp-content\/uploads\/2025\/05\/IMG-20250509-WA0304-1392x928.jpg?v=1746806572 1392w, https:\/\/periodicolarepublica.com\/wp-content\/uploads\/2025\/05\/IMG-20250509-WA0304-1068x712.jpg?v=1746806572 1068w, https:\/\/periodicolarepublica.com\/wp-content\/uploads\/2025\/05\/IMG-20250509-WA0304-1920x1280.jpg?v=1746806572 1920w\" sizes=\"auto, (max-width: 300px) 100vw, 300px\" \/><\/p>\n","protected":false},"excerpt":{"rendered":"<p>Santo Domingo, \u2014 Rechazamos de manera categ\u00f3rica la campa\u00f1a orquestada por algunos medios de comunicaci\u00f3n y comunicadores que buscan empa\u00f1ar el trabajo eficiente y comprometido que viene realizando el Ministro de Salud P\u00fablica, Dr. V\u00edctor Atallah. Lamentablemente, hemos sido testigos de pr\u00e1cticas irresponsables por parte de ciertos sectores que, en lugar de ejercer un periodismo [&hellip;]<\/p>\n","protected":false},"author":10,"featured_media":3253,"comment_status":"open","ping_status":"open","sticky":false,"template":"","format":"standard","meta":{"om_disable_all_campaigns":false,"_monsterinsights_skip_tracking":false,"_monsterinsights_sitenote_active":false,"_monsterinsights_sitenote_note":"","_monsterinsights_sitenote_category":0,"footnotes":""},"categories":[1],"tags":[159],"class_list":{"0":"post-3314","1":"post","2":"type-post","3":"status-publish","4":"format-standard","5":"has-post-thumbnail","7":"category-nacionales","8":"tag-ministro-de-salud-publica-victor-atallah"},"aioseo_notices":[],"_links":{"self":[{"href":"https:\/\/periodicolarepublica.com\/index.php\/wp-json\/wp\/v2\/posts\/3314","targetHints":{"allow":["GET"]}}],"collection":[{"href":"https:\/\/periodicolarepublica.com\/index.php\/wp-json\/wp\/v2\/posts"}],"about":[{"href":"https:\/\/periodicolarepublica.com\/index.php\/wp-json\/wp\/v2\/types\/post"}],"author":[{"embeddable":true,"href":"https:\/\/periodicolarepublica.com\/index.php\/wp-json\/wp\/v2\/users\/10"}],"replies":[{"embeddable":true,"href":"https:\/\/periodicolarepublica.com\/index.php\/wp-json\/wp\/v2\/comments?post=3314"}],"version-history":[{"count":1,"href":"https:\/\/periodicolarepublica.com\/index.php\/wp-json\/wp\/v2\/posts\/3314\/revisions"}],"predecessor-version":[{"id":3315,"href":"https:\/\/periodicolarepublica.com\/index.php\/wp-json\/wp\/v2\/posts\/3314\/revisions\/3315"}],"wp:featuredmedia":[{"embeddable":true,"href":"https:\/\/periodicolarepublica.com\/index.php\/wp-json\/wp\/v2\/media\/3253"}],"wp:attachment":[{"href":"https:\/\/periodicolarepublica.com\/index.php\/wp-json\/wp\/v2\/media?parent=3314"}],"wp:term":[{"taxonomy":"category","embeddable":true,"href":"https:\/\/periodicolarepublica.com\/index.php\/wp-json\/wp\/v2\/categories?post=3314"},{"taxonomy":"post_tag","embeddable":true,"href":"https:\/\/periodicolarepublica.com\/index.php\/wp-json\/wp\/v2\/tags?post=3314"}],"curies":[{"name":"wp","href":"https:\/\/api.w.org\/{rel}","templated":true}]}}