{"id":3316,"date":"2025-05-21T13:56:09","date_gmt":"2025-05-21T11:56:09","guid":{"rendered":"https:\/\/periodicolarepublica.com\/?p=3316"},"modified":"2025-05-21T13:56:09","modified_gmt":"2025-05-21T11:56:09","slug":"luis-abinader-y-la-vision-de-un-futuro-con-justicia-desarrollo-y-sostenibilidad","status":"publish","type":"post","link":"https:\/\/periodicolarepublica.com\/index.php\/2025\/05\/21\/luis-abinader-y-la-vision-de-un-futuro-con-justicia-desarrollo-y-sostenibilidad\/","title":{"rendered":"Luis Abinader y la visi\u00f3n de un futuro con justicia, desarrollo y sostenibilidad"},"content":{"rendered":"<p>Desde su llegada al poder en 2020, el presidente Luis Abinader ha marcado una ruptura con pr\u00e1cticas del pasado, impulsando un modelo de gobierno que apuesta por la transparencia, la institucionalidad y el desarrollo sostenible. Su visi\u00f3n de futuro para la Rep\u00fablica Dominicana se sostiene sobre pilares firmes como la profundizaci\u00f3n del cambio, la justicia independiente, el crecimiento econ\u00f3mico con equidad y una apuesta clara por la modernizaci\u00f3n del aparato productivo, especialmente el agr\u00edcola.<\/p>\n<p>Uno de los mayores logros del gobierno de Abinader ha sido su compromiso con una justicia independiente. Por primera vez en d\u00e9cadas, el pa\u00eds ha presenciado procesos judiciales en los que se investiga a exfuncionarios de alto nivel sin que el poder pol\u00edtico intervenga. Esta separaci\u00f3n de poderes no solo fortalece la democracia, sino que env\u00eda un mensaje claro: en el nuevo rumbo del pa\u00eds, nadie est\u00e1 por encima de la ley.<\/p>\n<p>El presidente ha insistido en que el cambio no puede ser superficial, sino profundo. Esto implica transformar las estructuras del Estado, eliminar privilegios y construir instituciones s\u00f3lidas. La \u201cprofundizaci\u00f3n del cambio\u201d que promueve Abinader se manifiesta en iniciativas como la reforma policial, la mejora de los servicios p\u00fablicos, la digitalizaci\u00f3n del Estado y la lucha contra la corrupci\u00f3n.<\/p>\n<p>En el plano econ\u00f3mico, el pa\u00eds ha mostrado se\u00f1ales de recuperaci\u00f3n y crecimiento, incluso tras el impacto de la pandemia. Abinader ha apostado por un modelo de desarrollo sostenible, donde el crecimiento no se mida solo en cifras macroecon\u00f3micas, sino tambi\u00e9n en calidad de vida, oportunidades para todos y sostenibilidad ambiental. Proyectos de energ\u00edas limpias, inversi\u00f3n en infraestructura y apoyo a las MIPYMES son muestra de esta visi\u00f3n integral.<\/p>\n<p>La agricultura, un sector hist\u00f3ricamente rezagado, ha recibido una atenci\u00f3n renovada bajo su mandato. La tecnificaci\u00f3n, la modernizaci\u00f3n de los sistemas de riego y el acceso a financiamiento para peque\u00f1os y medianos productores forman parte de una estrategia para garantizar la seguridad alimentaria, aumentar la productividad y dignificar el trabajo del campo. Se est\u00e1 sembrando hoy para cosechar un campo m\u00e1s justo y eficiente ma\u00f1ana.<\/p>\n<p>La visi\u00f3n de desarrollo del presidente Abinader no se limita a su per\u00edodo de gobierno. \u00c9l ha planteado una meta a largo plazo: convertir a la Rep\u00fablica Dominicana en un pa\u00eds desarrollado de cara al 2036. Este proyecto trasciende lo pol\u00edtico y se convierte en una causa nacional, que requiere la participaci\u00f3n activa de todos los sectores: p\u00fablico, privado, acad\u00e9mico y social.<\/p>\n<p>Esta meta pa\u00eds hacia el 2036 implica inversiones estrat\u00e9gicas en educaci\u00f3n, innovaci\u00f3n, salud, institucionalidad y sostenibilidad. Se trata de construir una naci\u00f3n m\u00e1s competitiva, justa y preparada para los desaf\u00edos globales. Para ello, se han impulsado alianzas p\u00fablico-privadas, planes de infraestructura y programas sociales enfocados en reducir la desigualdad.<\/p>\n<p>Pero lograr esta visi\u00f3n no estar\u00e1 exento de desaf\u00edos. Persisten resistencias al cambio, estructuras clientelares y desigualdades hist\u00f3ricas que limitan el acceso a oportunidades. Adem\u00e1s, el futuro exige liderazgo constante, di\u00e1logo pol\u00edtico y continuidad de pol\u00edticas p\u00fablicas m\u00e1s all\u00e1 de los ciclos electorales. La visi\u00f3n debe ser de pa\u00eds, no de partido.<\/p>\n<p>No obstante, el camino ya est\u00e1 trazado. Abinader ha demostrado que s\u00ed es posible gobernar con responsabilidad, sin populismo ni improvisaciones. La ciudadan\u00eda debe mantenerse vigilante, pero tambi\u00e9n esperanzada. Si el cambio se profundiza con firmeza y coherencia, el pa\u00eds puede dar el salto hacia el desarrollo sostenible que por d\u00e9cadas ha parecido inalcanzable.<\/p>\n<p>En conclusi\u00f3n, la visi\u00f3n de futuro del presidente Luis Abinader combina justicia, institucionalidad, desarrollo econ\u00f3mico y sostenibilidad. La meta al 2036 es ambiciosa, pero viable si se mantiene el rumbo. Rep\u00fablica Dominicana tiene ante s\u00ed una oportunidad hist\u00f3rica para transformarse, y el liderazgo actual ha dado el primer paso hacia esa gran meta nacional.<img loading=\"lazy\" decoding=\"async\" class=\"size-medium wp-image-1804 alignright\" src=\"https:\/\/periodicolarepublica.com\/wp-content\/uploads\/2024\/10\/IMG-20240525-WA0100-300x200.jpg\" alt=\"\" width=\"300\" height=\"200\" srcset=\"https:\/\/periodicolarepublica.com\/wp-content\/uploads\/2024\/10\/IMG-20240525-WA0100-300x200.jpg?v=1727804560 300w, https:\/\/periodicolarepublica.com\/wp-content\/uploads\/2024\/10\/IMG-20240525-WA0100-1024x682.jpg?v=1727804560 1024w, https:\/\/periodicolarepublica.com\/wp-content\/uploads\/2024\/10\/IMG-20240525-WA0100-768x511.jpg?v=1727804560 768w, https:\/\/periodicolarepublica.com\/wp-content\/uploads\/2024\/10\/IMG-20240525-WA0100-150x100.jpg?v=1727804560 150w, https:\/\/periodicolarepublica.com\/wp-content\/uploads\/2024\/10\/IMG-20240525-WA0100-600x399.jpg?v=1727804560 600w, https:\/\/periodicolarepublica.com\/wp-content\/uploads\/2024\/10\/IMG-20240525-WA0100-696x463.jpg?v=1727804560 696w, https:\/\/periodicolarepublica.com\/wp-content\/uploads\/2024\/10\/IMG-20240525-WA0100-1068x711.jpg?v=1727804560 1068w, https:\/\/periodicolarepublica.com\/wp-content\/uploads\/2024\/10\/IMG-20240525-WA0100.jpg?v=1727804560 1080w\" sizes=\"auto, (max-width: 300px) 100vw, 300px\" \/><\/p>\n","protected":false},"excerpt":{"rendered":"<p>Desde su llegada al poder en 2020, el presidente Luis Abinader ha marcado una ruptura con pr\u00e1cticas del pasado, impulsando un modelo de gobierno que apuesta por la transparencia, la institucionalidad y el desarrollo sostenible. Su visi\u00f3n de futuro para la Rep\u00fablica Dominicana se sostiene sobre pilares firmes como la profundizaci\u00f3n del cambio, la justicia [&hellip;]<\/p>\n","protected":false},"author":10,"featured_media":1804,"comment_status":"open","ping_status":"open","sticky":false,"template":"","format":"standard","meta":{"om_disable_all_campaigns":false,"_monsterinsights_skip_tracking":false,"_monsterinsights_sitenote_active":false,"_monsterinsights_sitenote_note":"","_monsterinsights_sitenote_category":0,"footnotes":""},"categories":[1],"tags":[163],"class_list":{"0":"post-3316","1":"post","2":"type-post","3":"status-publish","4":"format-standard","5":"has-post-thumbnail","7":"category-nacionales","8":"tag-tomas-hernandez-alberto"},"aioseo_notices":[],"_links":{"self":[{"href":"https:\/\/periodicolarepublica.com\/index.php\/wp-json\/wp\/v2\/posts\/3316","targetHints":{"allow":["GET"]}}],"collection":[{"href":"https:\/\/periodicolarepublica.com\/index.php\/wp-json\/wp\/v2\/posts"}],"about":[{"href":"https:\/\/periodicolarepublica.com\/index.php\/wp-json\/wp\/v2\/types\/post"}],"author":[{"embeddable":true,"href":"https:\/\/periodicolarepublica.com\/index.php\/wp-json\/wp\/v2\/users\/10"}],"replies":[{"embeddable":true,"href":"https:\/\/periodicolarepublica.com\/index.php\/wp-json\/wp\/v2\/comments?post=3316"}],"version-history":[{"count":1,"href":"https:\/\/periodicolarepublica.com\/index.php\/wp-json\/wp\/v2\/posts\/3316\/revisions"}],"predecessor-version":[{"id":3317,"href":"https:\/\/periodicolarepublica.com\/index.php\/wp-json\/wp\/v2\/posts\/3316\/revisions\/3317"}],"wp:featuredmedia":[{"embeddable":true,"href":"https:\/\/periodicolarepublica.com\/index.php\/wp-json\/wp\/v2\/media\/1804"}],"wp:attachment":[{"href":"https:\/\/periodicolarepublica.com\/index.php\/wp-json\/wp\/v2\/media?parent=3316"}],"wp:term":[{"taxonomy":"category","embeddable":true,"href":"https:\/\/periodicolarepublica.com\/index.php\/wp-json\/wp\/v2\/categories?post=3316"},{"taxonomy":"post_tag","embeddable":true,"href":"https:\/\/periodicolarepublica.com\/index.php\/wp-json\/wp\/v2\/tags?post=3316"}],"curies":[{"name":"wp","href":"https:\/\/api.w.org\/{rel}","templated":true}]}}