{"id":3320,"date":"2025-05-23T01:09:02","date_gmt":"2025-05-22T23:09:02","guid":{"rendered":"https:\/\/periodicolarepublica.com\/?p=3320"},"modified":"2025-05-23T01:09:02","modified_gmt":"2025-05-22T23:09:02","slug":"samuel-pereyra-vice-de-carolina-la-alcaldesa-lanza-guino-politico","status":"publish","type":"post","link":"https:\/\/periodicolarepublica.com\/index.php\/2025\/05\/23\/samuel-pereyra-vice-de-carolina-la-alcaldesa-lanza-guino-politico\/","title":{"rendered":"Samuel Pereyra \u00bfvice de Carolina? La alcaldesa lanza gui\u00f1o pol\u00edtico"},"content":{"rendered":"<p>En un gesto que no pas\u00f3 desapercibido, la alcaldesa del Distrito Nacional, Carolina Mej\u00eda, lanz\u00f3 lo que muchos interpretaron como un coqueteo pol\u00edtico hacia el actual Presidente del Banco de Reservas, Samuel Pereyra, sugiriendo que su perfil podr\u00eda encajar en una futura candidatura pol\u00edtica.<\/p>\n<p>Las palabras de Carolina traen especulaciones sobre el futuro pol\u00edtico de Pereyra, una figura que ha ganado notoriedad en el panorama nacional gracias a su rol en la modernizaci\u00f3n del Banreservas y su cercan\u00eda con sectores claves del oficialismo.<\/p>\n<p>El comentario gener\u00f3 especulaciones inmediatas: \u00bfse refer\u00eda a una f\u00f3rmula presidencial Mej\u00eda-Pereyra? \u00bfO estaba motivando a proyectar al actual ejecutivo bancario como su posible sucesor en la Alcald\u00eda del Distrito Nacional en el 2028?<\/p>\n<p>El comentario fue hecho durante la actividad \u201cJuega RD\u201d, una iniciativa impulsada por el Banco de Reservas que promueve el deporte y la inclusi\u00f3n social. En el marco del evento, Mej\u00eda destac\u00f3 no solo el liderazgo de Pereyra en la entidad financiera estatal, sino tambi\u00e9n su conexi\u00f3n con la ciudadan\u00eda y su aparente vocaci\u00f3n de servicio.<\/p>\n<p><img loading=\"lazy\" decoding=\"async\" class=\"alignnone size-medium wp-image-3321\" src=\"https:\/\/periodicolarepublica.com\/wp-content\/uploads\/2025\/05\/IMG-20250522-WA0068-300x259.jpg\" alt=\"\" width=\"300\" height=\"259\" srcset=\"https:\/\/periodicolarepublica.com\/wp-content\/uploads\/2025\/05\/IMG-20250522-WA0068-300x259.jpg 300w, https:\/\/periodicolarepublica.com\/wp-content\/uploads\/2025\/05\/IMG-20250522-WA0068-1024x884.jpg 1024w, https:\/\/periodicolarepublica.com\/wp-content\/uploads\/2025\/05\/IMG-20250522-WA0068-768x663.jpg 768w, https:\/\/periodicolarepublica.com\/wp-content\/uploads\/2025\/05\/IMG-20250522-WA0068-150x130.jpg 150w, https:\/\/periodicolarepublica.com\/wp-content\/uploads\/2025\/05\/IMG-20250522-WA0068-600x518.jpg 600w, https:\/\/periodicolarepublica.com\/wp-content\/uploads\/2025\/05\/IMG-20250522-WA0068-696x601.jpg 696w, https:\/\/periodicolarepublica.com\/wp-content\/uploads\/2025\/05\/IMG-20250522-WA0068-1392x1202.jpg 1392w, https:\/\/periodicolarepublica.com\/wp-content\/uploads\/2025\/05\/IMG-20250522-WA0068-1068x924.jpg 1068w, https:\/\/periodicolarepublica.com\/wp-content\/uploads\/2025\/05\/IMG-20250522-WA0068-534x462.jpg 534w, https:\/\/periodicolarepublica.com\/wp-content\/uploads\/2025\/05\/IMG-20250522-WA0068.jpg 1414w\" sizes=\"auto, (max-width: 300px) 100vw, 300px\" \/><\/p>\n","protected":false},"excerpt":{"rendered":"<p>En un gesto que no pas\u00f3 desapercibido, la alcaldesa del Distrito Nacional, Carolina Mej\u00eda, lanz\u00f3 lo que muchos interpretaron como un coqueteo pol\u00edtico hacia el actual Presidente del Banco de Reservas, Samuel Pereyra, sugiriendo que su perfil podr\u00eda encajar en una futura candidatura pol\u00edtica. Las palabras de Carolina traen especulaciones sobre el futuro pol\u00edtico de [&hellip;]<\/p>\n","protected":false},"author":1,"featured_media":3321,"comment_status":"open","ping_status":"open","sticky":false,"template":"","format":"standard","meta":{"om_disable_all_campaigns":false,"_monsterinsights_skip_tracking":false,"_monsterinsights_sitenote_active":false,"_monsterinsights_sitenote_note":"","_monsterinsights_sitenote_category":0,"footnotes":""},"categories":[1],"tags":[37,401],"class_list":{"0":"post-3320","1":"post","2":"type-post","3":"status-publish","4":"format-standard","5":"has-post-thumbnail","7":"category-nacionales","8":"tag-carolina-mejia","9":"tag-samuel-pereyra"},"aioseo_notices":[],"_links":{"self":[{"href":"https:\/\/periodicolarepublica.com\/index.php\/wp-json\/wp\/v2\/posts\/3320","targetHints":{"allow":["GET"]}}],"collection":[{"href":"https:\/\/periodicolarepublica.com\/index.php\/wp-json\/wp\/v2\/posts"}],"about":[{"href":"https:\/\/periodicolarepublica.com\/index.php\/wp-json\/wp\/v2\/types\/post"}],"author":[{"embeddable":true,"href":"https:\/\/periodicolarepublica.com\/index.php\/wp-json\/wp\/v2\/users\/1"}],"replies":[{"embeddable":true,"href":"https:\/\/periodicolarepublica.com\/index.php\/wp-json\/wp\/v2\/comments?post=3320"}],"version-history":[{"count":1,"href":"https:\/\/periodicolarepublica.com\/index.php\/wp-json\/wp\/v2\/posts\/3320\/revisions"}],"predecessor-version":[{"id":3322,"href":"https:\/\/periodicolarepublica.com\/index.php\/wp-json\/wp\/v2\/posts\/3320\/revisions\/3322"}],"wp:featuredmedia":[{"embeddable":true,"href":"https:\/\/periodicolarepublica.com\/index.php\/wp-json\/wp\/v2\/media\/3321"}],"wp:attachment":[{"href":"https:\/\/periodicolarepublica.com\/index.php\/wp-json\/wp\/v2\/media?parent=3320"}],"wp:term":[{"taxonomy":"category","embeddable":true,"href":"https:\/\/periodicolarepublica.com\/index.php\/wp-json\/wp\/v2\/categories?post=3320"},{"taxonomy":"post_tag","embeddable":true,"href":"https:\/\/periodicolarepublica.com\/index.php\/wp-json\/wp\/v2\/tags?post=3320"}],"curies":[{"name":"wp","href":"https:\/\/api.w.org\/{rel}","templated":true}]}}