{"id":3323,"date":"2025-05-24T14:40:08","date_gmt":"2025-05-24T12:40:08","guid":{"rendered":"https:\/\/periodicolarepublica.com\/?p=3323"},"modified":"2025-05-24T14:40:08","modified_gmt":"2025-05-24T12:40:08","slug":"basta-de-chantajes-mediaticos-en-defensa-de-los-funcionarios-comprometidos-con-el-pueblo","status":"publish","type":"post","link":"https:\/\/periodicolarepublica.com\/index.php\/2025\/05\/24\/basta-de-chantajes-mediaticos-en-defensa-de-los-funcionarios-comprometidos-con-el-pueblo\/","title":{"rendered":"Basta de chantajes medi\u00e1ticos: en defensa de los funcionarios comprometidos con el pueblo"},"content":{"rendered":"<p>Santo Domingo &#8211; En un momento en el que nuestro pa\u00eds exige compromiso, transparencia y trabajo firme por el bienestar colectivo, resulta inaceptable que ciertos medios de comunicaci\u00f3n se dediquen sistem\u00e1ticamente a atacar a funcionarios honestos cuya \u00fanica prioridad es servir al pueblo.<\/p>\n<p>Estos ataques, muchas veces carentes de fundamento y motivados por intereses personales, econ\u00f3micos o pol\u00edticos, no buscan informar con veracidad, sino generar esc\u00e1ndalos artificiales y obtener publicidad o favores a trav\u00e9s del chantaje y la difamaci\u00f3n. Se trata de una pr\u00e1ctica perversa que no solo da\u00f1a la imagen de servidores p\u00fablicos \u00edntegros, sino que tambi\u00e9n debilita la confianza ciudadana en las instituciones.<\/p>\n<p>Hacemos un llamado a la responsabilidad period\u00edstica, al respeto por la \u00e9tica profesional y a la necesidad urgente de poner fin a este tipo de pr\u00e1cticas nocivas. La libertad de prensa es un pilar fundamental de toda democracia, pero esa libertad no puede ser utilizada como escudo para atacar sin pruebas ni como herramienta de presi\u00f3n para intereses ajenos al inter\u00e9s com\u00fan.<\/p>\n<p>Desde nuestra funci\u00f3n p\u00fablica, reafirmamos nuestro compromiso con la transparencia, el trabajo honesto y la rendici\u00f3n de cuentas. No nos detendr\u00e1n las campa\u00f1as de desprestigio ni las amenazas veladas. Seguiremos trabajando con firmeza por un pa\u00eds m\u00e1s justo, equitativo y digno para todos.<\/p>\n<p>\u00a1No al chantaje medi\u00e1tico!<br \/>\nS\u00ed al periodismo \u00e9tico y responsable.<img loading=\"lazy\" decoding=\"async\" class=\"size-medium wp-image-3324 alignright\" src=\"https:\/\/periodicolarepublica.com\/wp-content\/uploads\/2025\/05\/IMG_20250524_083944-300x272.jpg\" alt=\"\" width=\"300\" height=\"272\" \/><\/p>\n","protected":false},"excerpt":{"rendered":"<p>Santo Domingo &#8211; En un momento en el que nuestro pa\u00eds exige compromiso, transparencia y trabajo firme por el bienestar colectivo, resulta inaceptable que ciertos medios de comunicaci\u00f3n se dediquen sistem\u00e1ticamente a atacar a funcionarios honestos cuya \u00fanica prioridad es servir al pueblo. Estos ataques, muchas veces carentes de fundamento y motivados por intereses personales, [&hellip;]<\/p>\n","protected":false},"author":10,"featured_media":0,"comment_status":"open","ping_status":"open","sticky":false,"template":"","format":"standard","meta":{"om_disable_all_campaigns":false,"_monsterinsights_skip_tracking":false,"_monsterinsights_sitenote_active":false,"_monsterinsights_sitenote_note":"","_monsterinsights_sitenote_category":0,"footnotes":""},"categories":[1],"tags":[],"class_list":{"0":"post-3323","1":"post","2":"type-post","3":"status-publish","4":"format-standard","6":"category-nacionales"},"aioseo_notices":[],"_links":{"self":[{"href":"https:\/\/periodicolarepublica.com\/index.php\/wp-json\/wp\/v2\/posts\/3323","targetHints":{"allow":["GET"]}}],"collection":[{"href":"https:\/\/periodicolarepublica.com\/index.php\/wp-json\/wp\/v2\/posts"}],"about":[{"href":"https:\/\/periodicolarepublica.com\/index.php\/wp-json\/wp\/v2\/types\/post"}],"author":[{"embeddable":true,"href":"https:\/\/periodicolarepublica.com\/index.php\/wp-json\/wp\/v2\/users\/10"}],"replies":[{"embeddable":true,"href":"https:\/\/periodicolarepublica.com\/index.php\/wp-json\/wp\/v2\/comments?post=3323"}],"version-history":[{"count":2,"href":"https:\/\/periodicolarepublica.com\/index.php\/wp-json\/wp\/v2\/posts\/3323\/revisions"}],"predecessor-version":[{"id":3326,"href":"https:\/\/periodicolarepublica.com\/index.php\/wp-json\/wp\/v2\/posts\/3323\/revisions\/3326"}],"wp:attachment":[{"href":"https:\/\/periodicolarepublica.com\/index.php\/wp-json\/wp\/v2\/media?parent=3323"}],"wp:term":[{"taxonomy":"category","embeddable":true,"href":"https:\/\/periodicolarepublica.com\/index.php\/wp-json\/wp\/v2\/categories?post=3323"},{"taxonomy":"post_tag","embeddable":true,"href":"https:\/\/periodicolarepublica.com\/index.php\/wp-json\/wp\/v2\/tags?post=3323"}],"curies":[{"name":"wp","href":"https:\/\/api.w.org\/{rel}","templated":true}]}}