{"id":3329,"date":"2025-05-25T16:48:12","date_gmt":"2025-05-25T14:48:12","guid":{"rendered":"https:\/\/periodicolarepublica.com\/?p=3329"},"modified":"2025-05-25T16:48:12","modified_gmt":"2025-05-25T14:48:12","slug":"ing-tomas-hernandez-alberto-felicita-a-todas-las-madres-dominicanas-en-su-dia","status":"publish","type":"post","link":"https:\/\/periodicolarepublica.com\/index.php\/2025\/05\/25\/ing-tomas-hernandez-alberto-felicita-a-todas-las-madres-dominicanas-en-su-dia\/","title":{"rendered":"ING. Tom\u00e1s Hern\u00e1ndez Alberto felicita a todas las madres dominicanas en su d\u00eda"},"content":{"rendered":"<p>Santo Domingo, R.D. \u2013 Con motivo del D\u00eda de las Madres, el dirigente pol\u00edtico Ing. Tom\u00e1s Hern\u00e1ndez Alberto expres\u00f3 sus m\u00e1s sinceras felicitaciones a todas las madres dominicanas, resaltando su papel fundamental en la formaci\u00f3n de los valores y el desarrollo de la sociedad.<\/p>\n<p>&nbsp;<\/p>\n<p>\u201cEl amor, la entrega y el sacrificio de las madres dominicanas son la base sobre la que se construye nuestro pa\u00eds. Hoy, en su d\u00eda, quiero rendir homenaje a cada una de ellas, especialmente a aquellas que, con esfuerzo y valent\u00eda, sacan adelante a sus familias\u201d, manifest\u00f3 Hern\u00e1ndez Alberto.<\/p>\n<p>&nbsp;<\/p>\n<p>El ingeniero destac\u00f3 que este d\u00eda debe servir no solo para celebrar, sino tambi\u00e9n para reflexionar sobre la importancia de seguir fortaleciendo pol\u00edticas p\u00fablicas que protejan y empoderen a las madres en todos los \u00e1mbitos de la vida nacional.<\/p>\n<p>&nbsp;<\/p>\n<p>Finalmente, Hern\u00e1ndez Alberto exhort\u00f3 a toda la ciudadan\u00eda a rendir tributo a las madres con respeto, amor y compromiso, no solo en esta fecha especial, sino cada d\u00eda del a\u00f1o.<img loading=\"lazy\" decoding=\"async\" class=\"size-medium wp-image-3212 alignright\" src=\"https:\/\/periodicolarepublica.com\/wp-content\/uploads\/2025\/05\/SaveClip.App_409022663_959576185777924_4056385895536019021_n-300x300.jpg\" alt=\"\" width=\"300\" height=\"300\" srcset=\"https:\/\/periodicolarepublica.com\/wp-content\/uploads\/2025\/05\/SaveClip.App_409022663_959576185777924_4056385895536019021_n-300x300.jpg?v=1746574792 300w, https:\/\/periodicolarepublica.com\/wp-content\/uploads\/2025\/05\/SaveClip.App_409022663_959576185777924_4056385895536019021_n-1024x1024.jpg?v=1746574792 1024w, https:\/\/periodicolarepublica.com\/wp-content\/uploads\/2025\/05\/SaveClip.App_409022663_959576185777924_4056385895536019021_n-150x150.jpg?v=1746574792 150w, https:\/\/periodicolarepublica.com\/wp-content\/uploads\/2025\/05\/SaveClip.App_409022663_959576185777924_4056385895536019021_n-768x768.jpg?v=1746574792 768w, https:\/\/periodicolarepublica.com\/wp-content\/uploads\/2025\/05\/SaveClip.App_409022663_959576185777924_4056385895536019021_n-600x600.jpg?v=1746574792 600w, https:\/\/periodicolarepublica.com\/wp-content\/uploads\/2025\/05\/SaveClip.App_409022663_959576185777924_4056385895536019021_n-696x696.jpg?v=1746574792 696w, https:\/\/periodicolarepublica.com\/wp-content\/uploads\/2025\/05\/SaveClip.App_409022663_959576185777924_4056385895536019021_n-1068x1068.jpg?v=1746574792 1068w, https:\/\/periodicolarepublica.com\/wp-content\/uploads\/2025\/05\/SaveClip.App_409022663_959576185777924_4056385895536019021_n.jpg?v=1746574792 1080w\" sizes=\"auto, (max-width: 300px) 100vw, 300px\" \/><\/p>\n","protected":false},"excerpt":{"rendered":"<p>Santo Domingo, R.D. \u2013 Con motivo del D\u00eda de las Madres, el dirigente pol\u00edtico Ing. Tom\u00e1s Hern\u00e1ndez Alberto expres\u00f3 sus m\u00e1s sinceras felicitaciones a todas las madres dominicanas, resaltando su papel fundamental en la formaci\u00f3n de los valores y el desarrollo de la sociedad. &nbsp; \u201cEl amor, la entrega y el sacrificio de las madres [&hellip;]<\/p>\n","protected":false},"author":10,"featured_media":3212,"comment_status":"open","ping_status":"open","sticky":false,"template":"","format":"standard","meta":{"om_disable_all_campaigns":false,"_monsterinsights_skip_tracking":false,"_monsterinsights_sitenote_active":false,"_monsterinsights_sitenote_note":"","_monsterinsights_sitenote_category":0,"footnotes":""},"categories":[1],"tags":[163],"class_list":{"0":"post-3329","1":"post","2":"type-post","3":"status-publish","4":"format-standard","5":"has-post-thumbnail","7":"category-nacionales","8":"tag-tomas-hernandez-alberto"},"aioseo_notices":[],"_links":{"self":[{"href":"https:\/\/periodicolarepublica.com\/index.php\/wp-json\/wp\/v2\/posts\/3329","targetHints":{"allow":["GET"]}}],"collection":[{"href":"https:\/\/periodicolarepublica.com\/index.php\/wp-json\/wp\/v2\/posts"}],"about":[{"href":"https:\/\/periodicolarepublica.com\/index.php\/wp-json\/wp\/v2\/types\/post"}],"author":[{"embeddable":true,"href":"https:\/\/periodicolarepublica.com\/index.php\/wp-json\/wp\/v2\/users\/10"}],"replies":[{"embeddable":true,"href":"https:\/\/periodicolarepublica.com\/index.php\/wp-json\/wp\/v2\/comments?post=3329"}],"version-history":[{"count":1,"href":"https:\/\/periodicolarepublica.com\/index.php\/wp-json\/wp\/v2\/posts\/3329\/revisions"}],"predecessor-version":[{"id":3330,"href":"https:\/\/periodicolarepublica.com\/index.php\/wp-json\/wp\/v2\/posts\/3329\/revisions\/3330"}],"wp:featuredmedia":[{"embeddable":true,"href":"https:\/\/periodicolarepublica.com\/index.php\/wp-json\/wp\/v2\/media\/3212"}],"wp:attachment":[{"href":"https:\/\/periodicolarepublica.com\/index.php\/wp-json\/wp\/v2\/media?parent=3329"}],"wp:term":[{"taxonomy":"category","embeddable":true,"href":"https:\/\/periodicolarepublica.com\/index.php\/wp-json\/wp\/v2\/categories?post=3329"},{"taxonomy":"post_tag","embeddable":true,"href":"https:\/\/periodicolarepublica.com\/index.php\/wp-json\/wp\/v2\/tags?post=3329"}],"curies":[{"name":"wp","href":"https:\/\/api.w.org\/{rel}","templated":true}]}}