{"id":3331,"date":"2025-05-25T17:03:37","date_gmt":"2025-05-25T15:03:37","guid":{"rendered":"https:\/\/periodicolarepublica.com\/?p=3331"},"modified":"2025-05-25T17:03:37","modified_gmt":"2025-05-25T15:03:37","slug":"ministro-de-salud-publica-felicita-a-las-madres-dominicanas-en-especial-a-las-profesionales-de-la-salud","status":"publish","type":"post","link":"https:\/\/periodicolarepublica.com\/index.php\/2025\/05\/25\/ministro-de-salud-publica-felicita-a-las-madres-dominicanas-en-especial-a-las-profesionales-de-la-salud\/","title":{"rendered":"Ministro de Salud P\u00fablica felicita a las madres dominicanas, en especial a las profesionales de la salud"},"content":{"rendered":"<p>Santo Domingo -El Ministro de Salud P\u00fablica, doctor V\u00edctor Atallah, expres\u00f3 sus m\u00e1s sinceras felicitaciones a todas las madres dominicanas con motivo de la celebraci\u00f3n del D\u00eda de las Madres, destacando de manera especial a aquellas que forman parte del personal de salud, como enfermeras y doctoras, quienes combinan con admirable entrega su rol maternal con la vocaci\u00f3n de servicio.<\/p>\n<p>&nbsp;<\/p>\n<p>\u201cHoy rendimos homenaje a todas las madres dominicanas, pilares fundamentales de nuestras familias y sociedad. Mi reconocimiento especial va dirigido a las madres que, adem\u00e1s de cuidar de sus hijos, dedican sus vidas al cuidado de la salud de los dem\u00e1s. Enfermeras, doctoras y dem\u00e1s profesionales del sector salud son verdaderas hero\u00ednas que merecen todo nuestro respeto y admiraci\u00f3n\u201d, expres\u00f3 el ministro Atallah.<\/p>\n<p>&nbsp;<\/p>\n<p>Asimismo, el titular de Salud P\u00fablica reafirm\u00f3 el compromiso del ministerio con la protecci\u00f3n, bienestar y desarrollo integral de todas las madres, especialmente aquellas que sirven desde los centros hospitalarios y comunitarios del pa\u00eds.<\/p>\n<p>&nbsp;<\/p>\n<p>El Ministerio de Salud P\u00fablica se une al j\u00fabilo nacional por esta significativa fecha, y exhorta a la ciudadan\u00eda a celebrar con amor, respeto y gratitud a las madres dominicanas.<img loading=\"lazy\" decoding=\"async\" class=\"size-medium wp-image-1987 alignright\" src=\"https:\/\/periodicolarepublica.com\/wp-content\/uploads\/2024\/10\/IMG-20241030-WA0117-300x200.jpg\" alt=\"\" width=\"300\" height=\"200\" srcset=\"https:\/\/periodicolarepublica.com\/wp-content\/uploads\/2024\/10\/IMG-20241030-WA0117-300x200.jpg?v=1730320785 300w, https:\/\/periodicolarepublica.com\/wp-content\/uploads\/2024\/10\/IMG-20241030-WA0117-1024x683.jpg?v=1730320785 1024w, https:\/\/periodicolarepublica.com\/wp-content\/uploads\/2024\/10\/IMG-20241030-WA0117-768x512.jpg?v=1730320785 768w, https:\/\/periodicolarepublica.com\/wp-content\/uploads\/2024\/10\/IMG-20241030-WA0117-1536x1024.jpg?v=1730320785 1536w, https:\/\/periodicolarepublica.com\/wp-content\/uploads\/2024\/10\/IMG-20241030-WA0117-2048x1365.jpg?v=1730320785 2048w, https:\/\/periodicolarepublica.com\/wp-content\/uploads\/2024\/10\/IMG-20241030-WA0117-150x100.jpg?v=1730320785 150w, https:\/\/periodicolarepublica.com\/wp-content\/uploads\/2024\/10\/IMG-20241030-WA0117-600x400.jpg?v=1730320785 600w, https:\/\/periodicolarepublica.com\/wp-content\/uploads\/2024\/10\/IMG-20241030-WA0117-696x464.jpg?v=1730320785 696w, https:\/\/periodicolarepublica.com\/wp-content\/uploads\/2024\/10\/IMG-20241030-WA0117-1392x928.jpg?v=1730320785 1392w, https:\/\/periodicolarepublica.com\/wp-content\/uploads\/2024\/10\/IMG-20241030-WA0117-1068x712.jpg?v=1730320785 1068w, https:\/\/periodicolarepublica.com\/wp-content\/uploads\/2024\/10\/IMG-20241030-WA0117-1920x1280.jpg?v=1730320785 1920w\" sizes=\"auto, (max-width: 300px) 100vw, 300px\" \/><\/p>\n","protected":false},"excerpt":{"rendered":"<p>Santo Domingo -El Ministro de Salud P\u00fablica, doctor V\u00edctor Atallah, expres\u00f3 sus m\u00e1s sinceras felicitaciones a todas las madres dominicanas con motivo de la celebraci\u00f3n del D\u00eda de las Madres, destacando de manera especial a aquellas que forman parte del personal de salud, como enfermeras y doctoras, quienes combinan con admirable entrega su rol maternal [&hellip;]<\/p>\n","protected":false},"author":10,"featured_media":1987,"comment_status":"open","ping_status":"open","sticky":false,"template":"","format":"standard","meta":{"om_disable_all_campaigns":false,"_monsterinsights_skip_tracking":false,"_monsterinsights_sitenote_active":false,"_monsterinsights_sitenote_note":"","_monsterinsights_sitenote_category":0,"footnotes":""},"categories":[1],"tags":[159],"class_list":{"0":"post-3331","1":"post","2":"type-post","3":"status-publish","4":"format-standard","5":"has-post-thumbnail","7":"category-nacionales","8":"tag-ministro-de-salud-publica-victor-atallah"},"aioseo_notices":[],"_links":{"self":[{"href":"https:\/\/periodicolarepublica.com\/index.php\/wp-json\/wp\/v2\/posts\/3331","targetHints":{"allow":["GET"]}}],"collection":[{"href":"https:\/\/periodicolarepublica.com\/index.php\/wp-json\/wp\/v2\/posts"}],"about":[{"href":"https:\/\/periodicolarepublica.com\/index.php\/wp-json\/wp\/v2\/types\/post"}],"author":[{"embeddable":true,"href":"https:\/\/periodicolarepublica.com\/index.php\/wp-json\/wp\/v2\/users\/10"}],"replies":[{"embeddable":true,"href":"https:\/\/periodicolarepublica.com\/index.php\/wp-json\/wp\/v2\/comments?post=3331"}],"version-history":[{"count":1,"href":"https:\/\/periodicolarepublica.com\/index.php\/wp-json\/wp\/v2\/posts\/3331\/revisions"}],"predecessor-version":[{"id":3332,"href":"https:\/\/periodicolarepublica.com\/index.php\/wp-json\/wp\/v2\/posts\/3331\/revisions\/3332"}],"wp:featuredmedia":[{"embeddable":true,"href":"https:\/\/periodicolarepublica.com\/index.php\/wp-json\/wp\/v2\/media\/1987"}],"wp:attachment":[{"href":"https:\/\/periodicolarepublica.com\/index.php\/wp-json\/wp\/v2\/media?parent=3331"}],"wp:term":[{"taxonomy":"category","embeddable":true,"href":"https:\/\/periodicolarepublica.com\/index.php\/wp-json\/wp\/v2\/categories?post=3331"},{"taxonomy":"post_tag","embeddable":true,"href":"https:\/\/periodicolarepublica.com\/index.php\/wp-json\/wp\/v2\/tags?post=3331"}],"curies":[{"name":"wp","href":"https:\/\/api.w.org\/{rel}","templated":true}]}}