{"id":3333,"date":"2025-05-25T17:31:45","date_gmt":"2025-05-25T15:31:45","guid":{"rendered":"https:\/\/periodicolarepublica.com\/?p=3333"},"modified":"2025-05-25T17:32:44","modified_gmt":"2025-05-25T15:32:44","slug":"darisy-suero-secretaria-general-de-la-juventud-de-la-seccional-del-prm-en-panama-felicita-a-todas-las-madres-dominicanas-en-su-dia","status":"publish","type":"post","link":"https:\/\/periodicolarepublica.com\/index.php\/2025\/05\/25\/darisy-suero-secretaria-general-de-la-juventud-de-la-seccional-del-prm-en-panama-felicita-a-todas-las-madres-dominicanas-en-su-dia\/","title":{"rendered":"Darisy Suero, Secretaria General de la Juventud de la Seccional del PRM en Panam\u00e1, Felicita a Todas las Madres Dominicanas en su D\u00eda"},"content":{"rendered":"<p>Panam\u00e1- En ocasi\u00f3n de la celebraci\u00f3n del D\u00eda de las Madres en la Rep\u00fablica Dominicana, Darisy Suero, Secretaria General de la Juventud de la Seccional del Partido Revolucionario Moderno (PRM) en Panam\u00e1, env\u00eda un c\u00e1lido y afectuoso saludo a todas las madres dominicanas, tanto en el territorio nacional como en la di\u00e1spora.<\/p>\n<p>&nbsp;<\/p>\n<p>\u00abHoy es un d\u00eda para honrar a esas mujeres valientes, luchadoras y amorosas que nos han dado la vida y que d\u00eda tras d\u00eda se convierten en ejemplo de entrega, sacrificio y fortaleza. A las madres que residen en nuestra querida Rep\u00fablica Dominicana y a aquellas que, desde la di\u00e1spora, mantienen viva la esencia de nuestra cultura, mi m\u00e1s profundo respeto y admiraci\u00f3n\u00bb, expres\u00f3 Suero.<\/p>\n<p>&nbsp;<\/p>\n<p>La dirigente juvenil resalt\u00f3 el rol fundamental que desempe\u00f1an las madres en la formaci\u00f3n de valores, en el desarrollo de las comunidades y en el fortalecimiento de la familia dominicana, tanto en el pa\u00eds como en el exterior.<\/p>\n<p>&nbsp;<\/p>\n<p>\u00abDesde nuestra posici\u00f3n en la juventud del PRM en Panam\u00e1, reiteramos nuestro compromiso con pol\u00edticas que dignifiquen a la mujer y a la madre dominicana, dondequiera que se encuentre\u00bb, concluy\u00f3.<\/p>\n<p>\u00a1Feliz D\u00eda de las Madres!<img loading=\"lazy\" decoding=\"async\" class=\"size-medium wp-image-3334 alignright\" src=\"https:\/\/periodicolarepublica.com\/wp-content\/uploads\/2025\/05\/IMG-20250525-WA0401-300x200.jpg\" alt=\"\" width=\"300\" height=\"200\" srcset=\"https:\/\/periodicolarepublica.com\/wp-content\/uploads\/2025\/05\/IMG-20250525-WA0401-300x200.jpg?v=1748187095 300w, https:\/\/periodicolarepublica.com\/wp-content\/uploads\/2025\/05\/IMG-20250525-WA0401-1024x682.jpg?v=1748187095 1024w, https:\/\/periodicolarepublica.com\/wp-content\/uploads\/2025\/05\/IMG-20250525-WA0401-768x512.jpg?v=1748187095 768w, https:\/\/periodicolarepublica.com\/wp-content\/uploads\/2025\/05\/IMG-20250525-WA0401-150x100.jpg?v=1748187095 150w, https:\/\/periodicolarepublica.com\/wp-content\/uploads\/2025\/05\/IMG-20250525-WA0401-600x400.jpg?v=1748187095 600w, https:\/\/periodicolarepublica.com\/wp-content\/uploads\/2025\/05\/IMG-20250525-WA0401-696x464.jpg?v=1748187095 696w, https:\/\/periodicolarepublica.com\/wp-content\/uploads\/2025\/05\/IMG-20250525-WA0401-1068x712.jpg?v=1748187095 1068w, https:\/\/periodicolarepublica.com\/wp-content\/uploads\/2025\/05\/IMG-20250525-WA0401.jpg?v=1748187095 1280w\" sizes=\"auto, (max-width: 300px) 100vw, 300px\" \/><\/p>\n","protected":false},"excerpt":{"rendered":"<p>Panam\u00e1- En ocasi\u00f3n de la celebraci\u00f3n del D\u00eda de las Madres en la Rep\u00fablica Dominicana, Darisy Suero, Secretaria General de la Juventud de la Seccional del Partido Revolucionario Moderno (PRM) en Panam\u00e1, env\u00eda un c\u00e1lido y afectuoso saludo a todas las madres dominicanas, tanto en el territorio nacional como en la di\u00e1spora. &nbsp; \u00abHoy es [&hellip;]<\/p>\n","protected":false},"author":10,"featured_media":3334,"comment_status":"open","ping_status":"open","sticky":false,"template":"","format":"standard","meta":{"om_disable_all_campaigns":false,"_monsterinsights_skip_tracking":false,"_monsterinsights_sitenote_active":false,"_monsterinsights_sitenote_note":"","_monsterinsights_sitenote_category":0,"footnotes":""},"categories":[1],"tags":[],"class_list":{"0":"post-3333","1":"post","2":"type-post","3":"status-publish","4":"format-standard","5":"has-post-thumbnail","7":"category-nacionales"},"aioseo_notices":[],"_links":{"self":[{"href":"https:\/\/periodicolarepublica.com\/index.php\/wp-json\/wp\/v2\/posts\/3333","targetHints":{"allow":["GET"]}}],"collection":[{"href":"https:\/\/periodicolarepublica.com\/index.php\/wp-json\/wp\/v2\/posts"}],"about":[{"href":"https:\/\/periodicolarepublica.com\/index.php\/wp-json\/wp\/v2\/types\/post"}],"author":[{"embeddable":true,"href":"https:\/\/periodicolarepublica.com\/index.php\/wp-json\/wp\/v2\/users\/10"}],"replies":[{"embeddable":true,"href":"https:\/\/periodicolarepublica.com\/index.php\/wp-json\/wp\/v2\/comments?post=3333"}],"version-history":[{"count":2,"href":"https:\/\/periodicolarepublica.com\/index.php\/wp-json\/wp\/v2\/posts\/3333\/revisions"}],"predecessor-version":[{"id":3336,"href":"https:\/\/periodicolarepublica.com\/index.php\/wp-json\/wp\/v2\/posts\/3333\/revisions\/3336"}],"wp:featuredmedia":[{"embeddable":true,"href":"https:\/\/periodicolarepublica.com\/index.php\/wp-json\/wp\/v2\/media\/3334"}],"wp:attachment":[{"href":"https:\/\/periodicolarepublica.com\/index.php\/wp-json\/wp\/v2\/media?parent=3333"}],"wp:term":[{"taxonomy":"category","embeddable":true,"href":"https:\/\/periodicolarepublica.com\/index.php\/wp-json\/wp\/v2\/categories?post=3333"},{"taxonomy":"post_tag","embeddable":true,"href":"https:\/\/periodicolarepublica.com\/index.php\/wp-json\/wp\/v2\/tags?post=3333"}],"curies":[{"name":"wp","href":"https:\/\/api.w.org\/{rel}","templated":true}]}}