{"id":3337,"date":"2025-05-26T15:17:23","date_gmt":"2025-05-26T13:17:23","guid":{"rendered":"https:\/\/periodicolarepublica.com\/?p=3337"},"modified":"2025-05-26T15:17:23","modified_gmt":"2025-05-26T13:17:23","slug":"carlos-segura-foster-denuncia-manejo-irregular-de-prestamos-a-tasa-cero-del-banco-agricola","status":"publish","type":"post","link":"https:\/\/periodicolarepublica.com\/index.php\/2025\/05\/26\/carlos-segura-foster-denuncia-manejo-irregular-de-prestamos-a-tasa-cero-del-banco-agricola\/","title":{"rendered":"Carlos Segura Foster Denuncia Manejo Irregular de Pr\u00e9stamos a Tasa Cero del Banco Agr\u00edcola"},"content":{"rendered":"<p>Santo Domingo, R.D. \u2014 En una explosiva entrevista ofrecida al programa El Nuevo Diario TV, el exadministrador del Banco Agr\u00edcola, Carlos Segura Foster, denunci\u00f3 supuestas irregularidades en el manejo de los fondos destinados a pr\u00e9stamos a tasa cero, por un monto de RD$5,000 millones, anunciados por el gobierno como una ayuda directa para los peque\u00f1os y medianos productores agr\u00edcolas.<\/p>\n<p>&nbsp;<\/p>\n<p>Segura Foster se\u00f1al\u00f3 que, contrario a la narrativa oficial de apoyo al campo, entre un 80 % y un 85 % de dichos fondos fueron prestados a instituciones estatales y grandes empresas privadas, dejando apenas entre un 10 % y un 15 % disponibles para el verdadero destinatario del programa: los agricultores.<\/p>\n<p>&nbsp;<\/p>\n<p>\u00abEsto es una mafia. Se hizo todo un bulto con esos RD$5,000 millones, pero los expedientes de los verdaderos productores se quedaron engavetados\u00bb, expres\u00f3 el exfuncionario visiblemente indignado. Seg\u00fan sus declaraciones, m\u00e1s de 25,000 solicitudes de peque\u00f1os y medianos productores quedaron archivadas sin respuesta en las distintas sucursales del Banco Agr\u00edcola.<\/p>\n<p>&nbsp;<\/p>\n<p>Durante la entrevista, aunque se mostr\u00f3 dispuesto a ofrecer nombres de los beneficiarios de estos pr\u00e9stamos, Segura Foster asegur\u00f3 que por respeto al secreto bancario y a las normativas vigentes, prefiri\u00f3 mantener reserva. No obstante, insisti\u00f3 en que muchas de esas instituciones no ten\u00edan relaci\u00f3n directa con la producci\u00f3n agropecuaria.<\/p>\n<p>&nbsp;<\/p>\n<p>La denuncia genera preocupaci\u00f3n sobre el destino real de los recursos p\u00fablicos y si se cumpli\u00f3 el objetivo de reactivar la econom\u00eda rural tras la pandemia, como fue promovido desde el Palacio Nacional. \u201cAqu\u00ed se ha vendido una imagen falsa de respaldo al campo, cuando en la pr\u00e1ctica se han privilegiado sectores con mayor poder econ\u00f3mico\u201d, afirm\u00f3.<\/p>\n<p>&nbsp;<\/p>\n<p>El exadministrador del Banco Agr\u00edcola, quien estuvo al frente de la instituci\u00f3n en gobiernos anteriores, llam\u00f3 a las autoridades actuales a transparentar los nombres de los beneficiarios y a explicar en detalle c\u00f3mo se distribuyeron los fondos. \u00abEsto requiere una auditor\u00eda seria, porque lo que est\u00e1 sucediendo es grave\u00bb, agreg\u00f3.<\/p>\n<p>&nbsp;<\/p>\n<p>Estas declaraciones llegan en un momento en que el gobierno busca fortalecer su imagen ante el electorado rural, lo que podr\u00eda intensificar la presi\u00f3n sobre las entidades involucradas para rendir cuentas. Organizaciones de productores han comenzado a exigir una investigaci\u00f3n exhaustiva y la reapertura de los expedientes rechazados.<\/p>\n<p>&nbsp;<\/p>\n<p>El equipo del Nuevo Diario TV tambi\u00e9n expres\u00f3 su inter\u00e9s en conocer la posici\u00f3n oficial del Banco Agr\u00edcola frente a estas acusaciones. Hasta el momento, la entidad no ha emitido un comunicado al respecto ni ha desmentido las cifras ofrecidas por Segura Foster.<\/p>\n<p>&nbsp;<\/p>\n<p>La pol\u00e9mica tambi\u00e9n ha revivido el debate sobre el papel del Estado en la banca p\u00fablica y la necesidad de mecanismos m\u00e1s transparentes para la asignaci\u00f3n de recursos financieros dirigidos al desarrollo agr\u00edcola.<\/p>\n<p>&nbsp;<\/p>\n<p>Carlos Segura Foster finaliz\u00f3 su intervenci\u00f3n afirmando que su \u00fanica intenci\u00f3n es defender a los productores y garantizar que el Banco Agr\u00edcola cumpla su verdadero rol: ser un aliado del campo dominicano y no una herramienta de favores para elites privilegiadas.<img loading=\"lazy\" decoding=\"async\" class=\"size-medium wp-image-3338 alignright\" src=\"https:\/\/periodicolarepublica.com\/wp-content\/uploads\/2025\/05\/IMG_20250526_091458-264x300.jpg\" alt=\"\" width=\"264\" height=\"300\" \/><\/p>\n","protected":false},"excerpt":{"rendered":"<p>Santo Domingo, R.D. \u2014 En una explosiva entrevista ofrecida al programa El Nuevo Diario TV, el exadministrador del Banco Agr\u00edcola, Carlos Segura Foster, denunci\u00f3 supuestas irregularidades en el manejo de los fondos destinados a pr\u00e9stamos a tasa cero, por un monto de RD$5,000 millones, anunciados por el gobierno como una ayuda directa para los peque\u00f1os [&hellip;]<\/p>\n","protected":false},"author":10,"featured_media":0,"comment_status":"open","ping_status":"open","sticky":false,"template":"","format":"standard","meta":{"om_disable_all_campaigns":false,"_monsterinsights_skip_tracking":false,"_monsterinsights_sitenote_active":false,"_monsterinsights_sitenote_note":"","_monsterinsights_sitenote_category":0,"footnotes":""},"categories":[1],"tags":[],"class_list":{"0":"post-3337","1":"post","2":"type-post","3":"status-publish","4":"format-standard","6":"category-nacionales"},"aioseo_notices":[],"_links":{"self":[{"href":"https:\/\/periodicolarepublica.com\/index.php\/wp-json\/wp\/v2\/posts\/3337","targetHints":{"allow":["GET"]}}],"collection":[{"href":"https:\/\/periodicolarepublica.com\/index.php\/wp-json\/wp\/v2\/posts"}],"about":[{"href":"https:\/\/periodicolarepublica.com\/index.php\/wp-json\/wp\/v2\/types\/post"}],"author":[{"embeddable":true,"href":"https:\/\/periodicolarepublica.com\/index.php\/wp-json\/wp\/v2\/users\/10"}],"replies":[{"embeddable":true,"href":"https:\/\/periodicolarepublica.com\/index.php\/wp-json\/wp\/v2\/comments?post=3337"}],"version-history":[{"count":1,"href":"https:\/\/periodicolarepublica.com\/index.php\/wp-json\/wp\/v2\/posts\/3337\/revisions"}],"predecessor-version":[{"id":3339,"href":"https:\/\/periodicolarepublica.com\/index.php\/wp-json\/wp\/v2\/posts\/3337\/revisions\/3339"}],"wp:attachment":[{"href":"https:\/\/periodicolarepublica.com\/index.php\/wp-json\/wp\/v2\/media?parent=3337"}],"wp:term":[{"taxonomy":"category","embeddable":true,"href":"https:\/\/periodicolarepublica.com\/index.php\/wp-json\/wp\/v2\/categories?post=3337"},{"taxonomy":"post_tag","embeddable":true,"href":"https:\/\/periodicolarepublica.com\/index.php\/wp-json\/wp\/v2\/tags?post=3337"}],"curies":[{"name":"wp","href":"https:\/\/api.w.org\/{rel}","templated":true}]}}