{"id":3340,"date":"2025-05-26T21:14:07","date_gmt":"2025-05-26T19:14:07","guid":{"rendered":"https:\/\/periodicolarepublica.com\/?p=3340"},"modified":"2025-05-26T21:19:51","modified_gmt":"2025-05-26T19:19:51","slug":"tomas-hernandez-alberto-afirma-que-la-oposicion-busca-generar-miedo-sobre-impuesto-a-las-remesas","status":"publish","type":"post","link":"https:\/\/periodicolarepublica.com\/index.php\/2025\/05\/26\/tomas-hernandez-alberto-afirma-que-la-oposicion-busca-generar-miedo-sobre-impuesto-a-las-remesas\/","title":{"rendered":"Tom\u00e1s Hern\u00e1ndez Alberto afirma que la oposici\u00f3n busca generar miedo sobre impuesto a las remesas"},"content":{"rendered":"<p>Santo Domingo, R.D.\u2013 El dirigente pol\u00edtico y miembro destacado del Partido Revolucionario Moderno (PRM), ingeniero Tom\u00e1s Hern\u00e1ndez Alberto, afirm\u00f3 que sectores de la oposici\u00f3n, en particular el Partido de la Liberaci\u00f3n Dominicana (PLD), buscan generar miedo y confusi\u00f3n entre la poblaci\u00f3n dominicana en torno al tema del impuesto del 3.5 % a las remesas.<\/p>\n<p>&nbsp;<\/p>\n<p>Hern\u00e1ndez Alberto sostuvo que las recientes declaraciones del PLD sobre la supuesta \u201ctibieza\u201d del gobierno ante esta propuesta no tienen fundamento y obedecen a una estrategia para desinformar y causar incertidumbre entre los dominicanos, tanto en el pa\u00eds como en el exterior.<\/p>\n<p>&nbsp;<\/p>\n<p>\u201cEl PLD est\u00e1 jugando con la sensibilidad de los dominicanos en la di\u00e1spora y sus familias, tratando de sembrar miedo. Pero lo que ellos no dicen es que hoy, m\u00e1s que nunca, tenemos un presidente que defiende a nuestros compatriotas en el exterior con hechos concretos\u201d, expres\u00f3 el dirigente del PRM.<\/p>\n<p>&nbsp;<\/p>\n<p>En ese sentido, destac\u00f3 que el presidente Luis Abinader ha sido el primer mandatario en la historia dominicana que ha puesto atenci\u00f3n real a la di\u00e1spora, fortaleciendo los servicios consulares y diplom\u00e1ticos, y manteni\u00e9ndose al tanto de todas las discusiones internacionales que pudieran afectar a los dominicanos residentes fuera del pa\u00eds.<\/p>\n<p>&nbsp;<\/p>\n<p>Hern\u00e1ndez Alberto tambi\u00e9n resalt\u00f3 como logro importante del actual gobierno la apertura de dos sucursales del Banco de Reservas en los\u00a0 Estados Unidos, un hito sin precedentes que facilita el acceso financiero y fortalece los v\u00ednculos econ\u00f3micos de los dominicanos en el exterior con su patria.<\/p>\n<p>&nbsp;<\/p>\n<p>Asimismo, asegur\u00f3 que el gobierno est\u00e1 muy atento al proyecto de ley sobre impuestos a las remesas que se discute en los Estados Unidos, y que las autoridades dominicanas, a trav\u00e9s de su embajada y consulados, ya est\u00e1n tomando las medidas necesarias para salvaguardar los intereses de la di\u00e1spora.<\/p>\n<p>&nbsp;<\/p>\n<p>\u201cEl presidente Abinader ha dado instrucciones claras a los representantes diplom\u00e1ticos de actuar con firmeza ante cualquier medida que afecte el bienestar de nuestros hermanos en el exterior. Esta gesti\u00f3n no se quedar\u00e1 de brazos cruzados\u201d, indic\u00f3.<\/p>\n<p>&nbsp;<\/p>\n<p>Finalmente, Hern\u00e1ndez Alberto hizo un llamado a la poblaci\u00f3n a no dejarse confundir por discursos alarmistas y a confiar en que el gobierno est\u00e1 trabajando con responsabilidad y compromiso por todos los dominicanos, sin importar donde se encuentren.<img loading=\"lazy\" decoding=\"async\" class=\"size-medium wp-image-3341 alignright\" src=\"https:\/\/periodicolarepublica.com\/wp-content\/uploads\/2025\/05\/IMG_20250526_143719-300x225.jpg\" alt=\"\" width=\"300\" height=\"225\" \/><\/p>\n","protected":false},"excerpt":{"rendered":"<p>Santo Domingo, R.D.\u2013 El dirigente pol\u00edtico y miembro destacado del Partido Revolucionario Moderno (PRM), ingeniero Tom\u00e1s Hern\u00e1ndez Alberto, afirm\u00f3 que sectores de la oposici\u00f3n, en particular el Partido de la Liberaci\u00f3n Dominicana (PLD), buscan generar miedo y confusi\u00f3n entre la poblaci\u00f3n dominicana en torno al tema del impuesto del 3.5 % a las remesas. &nbsp; [&hellip;]<\/p>\n","protected":false},"author":10,"featured_media":0,"comment_status":"open","ping_status":"open","sticky":false,"template":"","format":"standard","meta":{"om_disable_all_campaigns":false,"_monsterinsights_skip_tracking":false,"_monsterinsights_sitenote_active":false,"_monsterinsights_sitenote_note":"","_monsterinsights_sitenote_category":0,"footnotes":""},"categories":[1],"tags":[],"class_list":{"0":"post-3340","1":"post","2":"type-post","3":"status-publish","4":"format-standard","6":"category-nacionales"},"aioseo_notices":[],"_links":{"self":[{"href":"https:\/\/periodicolarepublica.com\/index.php\/wp-json\/wp\/v2\/posts\/3340","targetHints":{"allow":["GET"]}}],"collection":[{"href":"https:\/\/periodicolarepublica.com\/index.php\/wp-json\/wp\/v2\/posts"}],"about":[{"href":"https:\/\/periodicolarepublica.com\/index.php\/wp-json\/wp\/v2\/types\/post"}],"author":[{"embeddable":true,"href":"https:\/\/periodicolarepublica.com\/index.php\/wp-json\/wp\/v2\/users\/10"}],"replies":[{"embeddable":true,"href":"https:\/\/periodicolarepublica.com\/index.php\/wp-json\/wp\/v2\/comments?post=3340"}],"version-history":[{"count":3,"href":"https:\/\/periodicolarepublica.com\/index.php\/wp-json\/wp\/v2\/posts\/3340\/revisions"}],"predecessor-version":[{"id":3344,"href":"https:\/\/periodicolarepublica.com\/index.php\/wp-json\/wp\/v2\/posts\/3340\/revisions\/3344"}],"wp:attachment":[{"href":"https:\/\/periodicolarepublica.com\/index.php\/wp-json\/wp\/v2\/media?parent=3340"}],"wp:term":[{"taxonomy":"category","embeddable":true,"href":"https:\/\/periodicolarepublica.com\/index.php\/wp-json\/wp\/v2\/categories?post=3340"},{"taxonomy":"post_tag","embeddable":true,"href":"https:\/\/periodicolarepublica.com\/index.php\/wp-json\/wp\/v2\/tags?post=3340"}],"curies":[{"name":"wp","href":"https:\/\/api.w.org\/{rel}","templated":true}]}}