{"id":3345,"date":"2025-05-28T01:17:31","date_gmt":"2025-05-27T23:17:31","guid":{"rendered":"https:\/\/periodicolarepublica.com\/?p=3345"},"modified":"2025-05-28T01:17:31","modified_gmt":"2025-05-27T23:17:31","slug":"ministerio-de-salud-llevara-operativo-medico-mas-salud-a-santo-domingo-este","status":"publish","type":"post","link":"https:\/\/periodicolarepublica.com\/index.php\/2025\/05\/28\/ministerio-de-salud-llevara-operativo-medico-mas-salud-a-santo-domingo-este\/","title":{"rendered":"Ministerio de Salud llevar\u00e1 operativo m\u00e9dico \u201cM\u00e1s Salud\u201d a Santo Domingo Este"},"content":{"rendered":"<p>Santo Domingo. \u2013 El Ministerio de Salud P\u00fablica, en coordinaci\u00f3n con el Ayuntamiento de Santo Domingo Este, realizar\u00e1 este viernes 30 y s\u00e1bado 31 de mayo la cuarta jornada del operativo m\u00e9dico \u201cM\u00e1s Salud y Bienestar\u201d, que tendr\u00e1 lugar en el sector de Los Mina.<\/p>\n<p>Esta iniciativa, totalmente gratuita, busca beneficiar a cientos de ciudadanos con servicios m\u00e9dicos integrales, contribuyendo a mejorar su calidad de vida. La jornada se desarrollar\u00e1 desde las 8:00 de la ma\u00f1ana hasta las 4:00 de la tarde, en el Polit\u00e9cnico San Vicente de Pa\u00fal, ubicado en la avenida del mismo nombre, en el municipio Santo Domingo Este.<\/p>\n<p>Las autoridades de Salud hacen un llamado a los comunitarios del sector y zonas aleda\u00f1as a acudir con sus familias para aprovechar consultas, medicamentos, vacunaci\u00f3n, charlas educativas y otros servicios de salud sin costo alguno.<\/p>\n<p>El operativo \u201cM\u00e1s Salud\u201d tiene como prop\u00f3sito acercar los servicios m\u00e9dicos especializados a la poblaci\u00f3n, fomentar la prevenci\u00f3n y promover una atenci\u00f3n sanitaria digna y oportuna.<\/p>\n<p>La actividad estar\u00e1 encabezada por el ministro de Salud, V\u00edctor Atallah, quien exhort\u00f3 a la poblaci\u00f3n a participar masivamente en esta jornada que busca elevar la esperanza de vida de los dominicanos.<\/p>\n<p>Servicios disponibles<\/p>\n<p>Durante la jornada se ofrecer\u00e1n consultas de medicina general, oftalmolog\u00eda, sonograf\u00edas, mamograf\u00edas, electrocardiogramas, ecocardiogramas, odontolog\u00eda, y chequeos para obesidad, diabetes, hipertensi\u00f3n y pr\u00f3stata (incluyendo pruebas PSA). Tambi\u00e9n se facilitar\u00e1 la carnetizaci\u00f3n con SENASA y se impulsar\u00e1n programas de donaci\u00f3n de sangre.<\/p>\n<p>Adem\u00e1s, se desarrollar\u00e1n actividades comunitarias como talleres de cocina saludable, tertulias con adultos mayores, encuentros con embarazadas, charlas educativas, capacitaciones en primeros auxilios y atenci\u00f3n en salud mental.<img loading=\"lazy\" decoding=\"async\" class=\"size-medium wp-image-2882 alignright\" src=\"https:\/\/periodicolarepublica.com\/wp-content\/uploads\/2025\/03\/IMG-20250321-WA0441-300x200.jpg\" alt=\"\" width=\"300\" height=\"200\" srcset=\"https:\/\/periodicolarepublica.com\/wp-content\/uploads\/2025\/03\/IMG-20250321-WA0441-300x200.jpg?v=1742583780 300w, https:\/\/periodicolarepublica.com\/wp-content\/uploads\/2025\/03\/IMG-20250321-WA0441-1024x683.jpg?v=1742583780 1024w, https:\/\/periodicolarepublica.com\/wp-content\/uploads\/2025\/03\/IMG-20250321-WA0441-768x512.jpg?v=1742583780 768w, https:\/\/periodicolarepublica.com\/wp-content\/uploads\/2025\/03\/IMG-20250321-WA0441-1536x1024.jpg?v=1742583780 1536w, https:\/\/periodicolarepublica.com\/wp-content\/uploads\/2025\/03\/IMG-20250321-WA0441-2048x1365.jpg?v=1742583780 2048w, https:\/\/periodicolarepublica.com\/wp-content\/uploads\/2025\/03\/IMG-20250321-WA0441-150x100.jpg?v=1742583780 150w, https:\/\/periodicolarepublica.com\/wp-content\/uploads\/2025\/03\/IMG-20250321-WA0441-600x400.jpg?v=1742583780 600w, https:\/\/periodicolarepublica.com\/wp-content\/uploads\/2025\/03\/IMG-20250321-WA0441-696x464.jpg?v=1742583780 696w, https:\/\/periodicolarepublica.com\/wp-content\/uploads\/2025\/03\/IMG-20250321-WA0441-1392x928.jpg?v=1742583780 1392w, https:\/\/periodicolarepublica.com\/wp-content\/uploads\/2025\/03\/IMG-20250321-WA0441-1068x712.jpg?v=1742583780 1068w, https:\/\/periodicolarepublica.com\/wp-content\/uploads\/2025\/03\/IMG-20250321-WA0441-1920x1280.jpg?v=1742583780 1920w\" sizes=\"auto, (max-width: 300px) 100vw, 300px\" \/><\/p>\n","protected":false},"excerpt":{"rendered":"<p>Santo Domingo. \u2013 El Ministerio de Salud P\u00fablica, en coordinaci\u00f3n con el Ayuntamiento de Santo Domingo Este, realizar\u00e1 este viernes 30 y s\u00e1bado 31 de mayo la cuarta jornada del operativo m\u00e9dico \u201cM\u00e1s Salud y Bienestar\u201d, que tendr\u00e1 lugar en el sector de Los Mina. Esta iniciativa, totalmente gratuita, busca beneficiar a cientos de ciudadanos [&hellip;]<\/p>\n","protected":false},"author":10,"featured_media":2882,"comment_status":"open","ping_status":"open","sticky":false,"template":"","format":"standard","meta":{"om_disable_all_campaigns":false,"_monsterinsights_skip_tracking":false,"_monsterinsights_sitenote_active":false,"_monsterinsights_sitenote_note":"","_monsterinsights_sitenote_category":0,"footnotes":""},"categories":[1],"tags":[159],"class_list":{"0":"post-3345","1":"post","2":"type-post","3":"status-publish","4":"format-standard","5":"has-post-thumbnail","7":"category-nacionales","8":"tag-ministro-de-salud-publica-victor-atallah"},"aioseo_notices":[],"_links":{"self":[{"href":"https:\/\/periodicolarepublica.com\/index.php\/wp-json\/wp\/v2\/posts\/3345","targetHints":{"allow":["GET"]}}],"collection":[{"href":"https:\/\/periodicolarepublica.com\/index.php\/wp-json\/wp\/v2\/posts"}],"about":[{"href":"https:\/\/periodicolarepublica.com\/index.php\/wp-json\/wp\/v2\/types\/post"}],"author":[{"embeddable":true,"href":"https:\/\/periodicolarepublica.com\/index.php\/wp-json\/wp\/v2\/users\/10"}],"replies":[{"embeddable":true,"href":"https:\/\/periodicolarepublica.com\/index.php\/wp-json\/wp\/v2\/comments?post=3345"}],"version-history":[{"count":1,"href":"https:\/\/periodicolarepublica.com\/index.php\/wp-json\/wp\/v2\/posts\/3345\/revisions"}],"predecessor-version":[{"id":3346,"href":"https:\/\/periodicolarepublica.com\/index.php\/wp-json\/wp\/v2\/posts\/3345\/revisions\/3346"}],"wp:featuredmedia":[{"embeddable":true,"href":"https:\/\/periodicolarepublica.com\/index.php\/wp-json\/wp\/v2\/media\/2882"}],"wp:attachment":[{"href":"https:\/\/periodicolarepublica.com\/index.php\/wp-json\/wp\/v2\/media?parent=3345"}],"wp:term":[{"taxonomy":"category","embeddable":true,"href":"https:\/\/periodicolarepublica.com\/index.php\/wp-json\/wp\/v2\/categories?post=3345"},{"taxonomy":"post_tag","embeddable":true,"href":"https:\/\/periodicolarepublica.com\/index.php\/wp-json\/wp\/v2\/tags?post=3345"}],"curies":[{"name":"wp","href":"https:\/\/api.w.org\/{rel}","templated":true}]}}