{"id":3347,"date":"2025-05-28T16:42:32","date_gmt":"2025-05-28T14:42:32","guid":{"rendered":"https:\/\/periodicolarepublica.com\/?p=3347"},"modified":"2025-05-28T16:42:32","modified_gmt":"2025-05-28T14:42:32","slug":"tomas-hernandez-alberto-reafirma-su-compromiso-con-el-presidente-luis-abinader-y-su-vision-de-transformacion-nacional","status":"publish","type":"post","link":"https:\/\/periodicolarepublica.com\/index.php\/2025\/05\/28\/tomas-hernandez-alberto-reafirma-su-compromiso-con-el-presidente-luis-abinader-y-su-vision-de-transformacion-nacional\/","title":{"rendered":"Tom\u00e1s Hern\u00e1ndez Alberto reafirma su compromiso con el presidente Luis Abinader y su visi\u00f3n de transformaci\u00f3n nacional"},"content":{"rendered":"<p>Santo Domingo, R.D. \u2013 Durante su intervenci\u00f3n en el programa televisivo \u201cEspacio Libre\u201d, transmitido por diversas compa\u00f1\u00edas de cable en todo el pa\u00eds, el ingeniero Tom\u00e1s Hern\u00e1ndez Alberto reiter\u00f3 de forma categ\u00f3rica su respaldo absoluto al presidente de la Rep\u00fablica, Luis Abinader, y al proyecto de transformaci\u00f3n que encabeza desde el Gobierno a trav\u00e9s del Partido Revolucionario Moderno (PRM).<\/p>\n<p>&nbsp;<\/p>\n<p>En sus palabras, Hern\u00e1ndez Alberto fue enf\u00e1tico: \u201cHe sido muy claro en mi pensamiento y en mi posici\u00f3n: mi compromiso es con Luis Abinader y con el Partido Revolucionario Moderno (PRM). No hay lugar a dudas ni confusi\u00f3n al respecto. Mi lealtad y apoyo est\u00e1n firmemente con el presidente Abinader y con el proyecto que representa el PRM.\u201d<\/p>\n<p>&nbsp;<\/p>\n<p>El ingeniero valor\u00f3 como \u00abhist\u00f3ricos\u00bb los avances logrados por el presidente Abinader en materia de transparencia gubernamental, recuperaci\u00f3n econ\u00f3mica, salud p\u00fablica y desarrollo de infraestructura nacional. \u201cEstamos siendo testigos de una gesti\u00f3n que ha enfrentado enormes desaf\u00edos con responsabilidad y visi\u00f3n de futuro, devolvi\u00e9ndole la confianza a la ciudadan\u00eda\u201d, agreg\u00f3.<\/p>\n<p>&nbsp;<\/p>\n<p>Hern\u00e1ndez Alberto destac\u00f3 tambi\u00e9n el esfuerzo del Gobierno por mantener la estabilidad macroecon\u00f3mica en medio de un contexto internacional dif\u00edcil, resaltando las pol\u00edticas de apoyo a las mipymes, los sectores productivos y el turismo, que han contribuido al crecimiento sostenido del pa\u00eds.<\/p>\n<p>&nbsp;<\/p>\n<p>Asimismo, reconoci\u00f3 los avances en educaci\u00f3n, seguridad social y transformaci\u00f3n digital, se\u00f1alando que estas acciones reflejan el compromiso del presidente Abinader con una Rep\u00fablica Dominicana moderna, justa y competitiva. \u201cEsta no es solo una gesti\u00f3n administrativa, es una obra de Estado que marcar\u00e1 una generaci\u00f3n\u201d, expres\u00f3.<\/p>\n<p>&nbsp;<\/p>\n<p>Durante la entrevista, llam\u00f3 a los dominicanos a cerrar filas en torno a la visi\u00f3n de cambio responsable que lidera el mandatario. \u201cEl pa\u00eds necesita continuidad con responsabilidad. El liderazgo de Luis Abinader ha demostrado ser coherente, firme y comprometido con los mejores intereses del pueblo dominicano.\u201d<\/p>\n<p>&nbsp;<\/p>\n<p>Tom\u00e1s Hern\u00e1ndez Alberto tambi\u00e9n exhort\u00f3 a los miembros del PRM a mantenerse enfocados en los logros alcanzados y en el trabajo que a\u00fan queda por hacer. \u201cLa unidad del partido debe girar en torno a la gesti\u00f3n de gobierno y a los valores que nos diferencian: transparencia, eficiencia y cercan\u00eda con la gente.\u201d<\/p>\n<p>&nbsp;<\/p>\n<p>Con estas declaraciones, el ingeniero reafirma su papel como un aliado clave en la consolidaci\u00f3n del proyecto pol\u00edtico del presidente Luis Abinader, en un momento determinante para el fortalecimiento institucional y el desarrollo nacional.<img loading=\"lazy\" decoding=\"async\" class=\"size-medium wp-image-3348 alignright\" src=\"https:\/\/periodicolarepublica.com\/wp-content\/uploads\/2025\/05\/FB_IMG_1748442767346-300x225.jpg\" alt=\"\" width=\"300\" height=\"225\" srcset=\"https:\/\/periodicolarepublica.com\/wp-content\/uploads\/2025\/05\/FB_IMG_1748442767346-300x225.jpg?v=1748443333 300w, https:\/\/periodicolarepublica.com\/wp-content\/uploads\/2025\/05\/FB_IMG_1748442767346-768x576.jpg?v=1748443333 768w, https:\/\/periodicolarepublica.com\/wp-content\/uploads\/2025\/05\/FB_IMG_1748442767346-150x113.jpg?v=1748443333 150w, https:\/\/periodicolarepublica.com\/wp-content\/uploads\/2025\/05\/FB_IMG_1748442767346-600x450.jpg?v=1748443333 600w, https:\/\/periodicolarepublica.com\/wp-content\/uploads\/2025\/05\/FB_IMG_1748442767346-696x522.jpg?v=1748443333 696w, https:\/\/periodicolarepublica.com\/wp-content\/uploads\/2025\/05\/FB_IMG_1748442767346-265x198.jpg?v=1748443333 265w, https:\/\/periodicolarepublica.com\/wp-content\/uploads\/2025\/05\/FB_IMG_1748442767346-530x396.jpg?v=1748443333 530w, https:\/\/periodicolarepublica.com\/wp-content\/uploads\/2025\/05\/FB_IMG_1748442767346.jpg?v=1748443333 1024w\" sizes=\"auto, (max-width: 300px) 100vw, 300px\" \/><\/p>\n","protected":false},"excerpt":{"rendered":"<p>Santo Domingo, R.D. \u2013 Durante su intervenci\u00f3n en el programa televisivo \u201cEspacio Libre\u201d, transmitido por diversas compa\u00f1\u00edas de cable en todo el pa\u00eds, el ingeniero Tom\u00e1s Hern\u00e1ndez Alberto reiter\u00f3 de forma categ\u00f3rica su respaldo absoluto al presidente de la Rep\u00fablica, Luis Abinader, y al proyecto de transformaci\u00f3n que encabeza desde el Gobierno a trav\u00e9s del [&hellip;]<\/p>\n","protected":false},"author":10,"featured_media":3348,"comment_status":"open","ping_status":"open","sticky":false,"template":"","format":"standard","meta":{"om_disable_all_campaigns":false,"_monsterinsights_skip_tracking":false,"_monsterinsights_sitenote_active":false,"_monsterinsights_sitenote_note":"","_monsterinsights_sitenote_category":0,"footnotes":""},"categories":[1],"tags":[163],"class_list":{"0":"post-3347","1":"post","2":"type-post","3":"status-publish","4":"format-standard","5":"has-post-thumbnail","7":"category-nacionales","8":"tag-tomas-hernandez-alberto"},"aioseo_notices":[],"_links":{"self":[{"href":"https:\/\/periodicolarepublica.com\/index.php\/wp-json\/wp\/v2\/posts\/3347","targetHints":{"allow":["GET"]}}],"collection":[{"href":"https:\/\/periodicolarepublica.com\/index.php\/wp-json\/wp\/v2\/posts"}],"about":[{"href":"https:\/\/periodicolarepublica.com\/index.php\/wp-json\/wp\/v2\/types\/post"}],"author":[{"embeddable":true,"href":"https:\/\/periodicolarepublica.com\/index.php\/wp-json\/wp\/v2\/users\/10"}],"replies":[{"embeddable":true,"href":"https:\/\/periodicolarepublica.com\/index.php\/wp-json\/wp\/v2\/comments?post=3347"}],"version-history":[{"count":1,"href":"https:\/\/periodicolarepublica.com\/index.php\/wp-json\/wp\/v2\/posts\/3347\/revisions"}],"predecessor-version":[{"id":3349,"href":"https:\/\/periodicolarepublica.com\/index.php\/wp-json\/wp\/v2\/posts\/3347\/revisions\/3349"}],"wp:featuredmedia":[{"embeddable":true,"href":"https:\/\/periodicolarepublica.com\/index.php\/wp-json\/wp\/v2\/media\/3348"}],"wp:attachment":[{"href":"https:\/\/periodicolarepublica.com\/index.php\/wp-json\/wp\/v2\/media?parent=3347"}],"wp:term":[{"taxonomy":"category","embeddable":true,"href":"https:\/\/periodicolarepublica.com\/index.php\/wp-json\/wp\/v2\/categories?post=3347"},{"taxonomy":"post_tag","embeddable":true,"href":"https:\/\/periodicolarepublica.com\/index.php\/wp-json\/wp\/v2\/tags?post=3347"}],"curies":[{"name":"wp","href":"https:\/\/api.w.org\/{rel}","templated":true}]}}