{"id":3354,"date":"2025-05-30T04:02:02","date_gmt":"2025-05-30T02:02:02","guid":{"rendered":"https:\/\/periodicolarepublica.com\/?p=3354"},"modified":"2025-05-30T04:02:02","modified_gmt":"2025-05-30T02:02:02","slug":"imponen-medida-de-coercion-a-hombre-acusado-de-sustraer-materiales-electricos-en-perjuicio-de-edeeste","status":"publish","type":"post","link":"https:\/\/periodicolarepublica.com\/index.php\/2025\/05\/30\/imponen-medida-de-coercion-a-hombre-acusado-de-sustraer-materiales-electricos-en-perjuicio-de-edeeste\/","title":{"rendered":"Imponen medida de coerci\u00f3n a hombre acusado de sustraer materiales el\u00e9ctricos en perjuicio de EDEEste"},"content":{"rendered":"<p>Santo Domingo Este. \u2013 La Oficina Judicial de Servicios de Atenci\u00f3n Permanente del Distrito Judicial de Santo Domingo impuso una medida de coerci\u00f3n al ciudadano Ram\u00f3n Soriano \u00c1lvarez, acusado de sustraer materiales el\u00e9ctricos propiedad de la empresa distribuidora EDEEste.<\/p>\n<p>&nbsp;<\/p>\n<p>La solicitud de imposici\u00f3n de medida de coerci\u00f3n fue presentada por el licenciado Leonardo Abreu, en representaci\u00f3n de la se\u00f1ora Raquel Guzm\u00e1n, Procuradora Fiscal del municipio Santo Domingo Este, provincia Santo Domingo, actuando como Ministerio P\u00fablico en representaci\u00f3n del Estado dominicano, en lo adelante parte acusadora.<\/p>\n<p>&nbsp;<\/p>\n<p>De acuerdo con el expediente, el imputado fue arrestado en flagrante delito el pasado 10 de mayo de 2025, aproximadamente a las 2:28 de la madrugada, por el hecho de sustraer seis (6) contadores de energ\u00eda el\u00e9ctrica.<\/p>\n<p>&nbsp;<\/p>\n<p>El arresto se produjo cuando unidades de la Polic\u00eda Nacional que patrullaban la zona sorprendieron al ciudadano Soriano \u00c1lvarez en posesi\u00f3n de los equipos sustra\u00eddos, identificados con los n\u00fameros: 19-54561, 24-244487, 21-009331, 13-33809, 21-033897 y 24-084482.<\/p>\n<p>&nbsp;<\/p>\n<p>El hecho se califica como sustracci\u00f3n de materiales el\u00e9ctricos, una pr\u00e1ctica que constituye un delito penal y que afecta directamente la infraestructura el\u00e9ctrica y la calidad del servicio que ofrece la empresa a sus clientes.<\/p>\n<p>&nbsp;<\/p>\n<p>Como medida cautelar, al imputado se le impuso el pago de una garant\u00eda econ\u00f3mica de RD$15,000.00, as\u00ed como la obligaci\u00f3n de presentarse mensualmente ante las autoridades judiciales, mientras se completa el proceso de investigaci\u00f3n.<\/p>\n<p>&nbsp;<\/p>\n<p>La audiencia se celebr\u00f3 el pasado 15 de mayo, y la revisi\u00f3n de la medida fue fijada para el 14 de noviembre de 2025.<\/p>\n<p>&nbsp;<\/p>\n<p>Este caso forma parte de los esfuerzos coordinados entre el Ministerio P\u00fablico y EDEEste, para enfrentar y sancionar los actos il\u00edcitos que comprometen los recursos y operaciones de la distribuidora.<\/p>\n<p>&nbsp;<\/p>\n<p>EDEEste reitera su compromiso con la protecci\u00f3n de sus activos y el combate a cualquier acci\u00f3n que ponga en riesgo la continuidad, seguridad y equidad del servicio el\u00e9ctrico en su zona de concesi\u00f3n.<img loading=\"lazy\" decoding=\"async\" class=\"size-medium wp-image-3355 alignright\" src=\"https:\/\/periodicolarepublica.com\/wp-content\/uploads\/2025\/05\/IMG-20250529-WA0818-300x281.jpg\" alt=\"\" width=\"300\" height=\"281\" \/><\/p>\n","protected":false},"excerpt":{"rendered":"<p>Santo Domingo Este. \u2013 La Oficina Judicial de Servicios de Atenci\u00f3n Permanente del Distrito Judicial de Santo Domingo impuso una medida de coerci\u00f3n al ciudadano Ram\u00f3n Soriano \u00c1lvarez, acusado de sustraer materiales el\u00e9ctricos propiedad de la empresa distribuidora EDEEste. &nbsp; La solicitud de imposici\u00f3n de medida de coerci\u00f3n fue presentada por el licenciado Leonardo Abreu, [&hellip;]<\/p>\n","protected":false},"author":10,"featured_media":0,"comment_status":"open","ping_status":"open","sticky":false,"template":"","format":"standard","meta":{"om_disable_all_campaigns":false,"_monsterinsights_skip_tracking":false,"_monsterinsights_sitenote_active":false,"_monsterinsights_sitenote_note":"","_monsterinsights_sitenote_category":0,"footnotes":""},"categories":[1],"tags":[],"class_list":{"0":"post-3354","1":"post","2":"type-post","3":"status-publish","4":"format-standard","6":"category-nacionales"},"aioseo_notices":[],"_links":{"self":[{"href":"https:\/\/periodicolarepublica.com\/index.php\/wp-json\/wp\/v2\/posts\/3354","targetHints":{"allow":["GET"]}}],"collection":[{"href":"https:\/\/periodicolarepublica.com\/index.php\/wp-json\/wp\/v2\/posts"}],"about":[{"href":"https:\/\/periodicolarepublica.com\/index.php\/wp-json\/wp\/v2\/types\/post"}],"author":[{"embeddable":true,"href":"https:\/\/periodicolarepublica.com\/index.php\/wp-json\/wp\/v2\/users\/10"}],"replies":[{"embeddable":true,"href":"https:\/\/periodicolarepublica.com\/index.php\/wp-json\/wp\/v2\/comments?post=3354"}],"version-history":[{"count":1,"href":"https:\/\/periodicolarepublica.com\/index.php\/wp-json\/wp\/v2\/posts\/3354\/revisions"}],"predecessor-version":[{"id":3356,"href":"https:\/\/periodicolarepublica.com\/index.php\/wp-json\/wp\/v2\/posts\/3354\/revisions\/3356"}],"wp:attachment":[{"href":"https:\/\/periodicolarepublica.com\/index.php\/wp-json\/wp\/v2\/media?parent=3354"}],"wp:term":[{"taxonomy":"category","embeddable":true,"href":"https:\/\/periodicolarepublica.com\/index.php\/wp-json\/wp\/v2\/categories?post=3354"},{"taxonomy":"post_tag","embeddable":true,"href":"https:\/\/periodicolarepublica.com\/index.php\/wp-json\/wp\/v2\/tags?post=3354"}],"curies":[{"name":"wp","href":"https:\/\/api.w.org\/{rel}","templated":true}]}}