{"id":3357,"date":"2025-05-30T20:56:43","date_gmt":"2025-05-30T18:56:43","guid":{"rendered":"https:\/\/periodicolarepublica.com\/?p=3357"},"modified":"2025-05-30T20:56:43","modified_gmt":"2025-05-30T18:56:43","slug":"gobierno-de-abinader-continua-acercando-servicios-de-salud-a-quienes-mas-lo-necesitan-con-cuarta-jornada-mas-salud-y-bienestar-en-santo-domingo-este","status":"publish","type":"post","link":"https:\/\/periodicolarepublica.com\/index.php\/2025\/05\/30\/gobierno-de-abinader-continua-acercando-servicios-de-salud-a-quienes-mas-lo-necesitan-con-cuarta-jornada-mas-salud-y-bienestar-en-santo-domingo-este\/","title":{"rendered":"Gobierno de Abinader contin\u00faa acercando servicios de salud a quienes m\u00e1s lo necesitan con cuarta jornada \u201cM\u00e1s Salud y Bienestar\u201d en Santo Domingo Este"},"content":{"rendered":"<p>Ministro de Salud P\u00fablica, V\u00edctor Atallah, destaca presidente Abinader ha reiterado su compromiso con el bienestar de la poblaci\u00f3n mediante pol\u00edticas p\u00fablicas basadas en la equidad, la evidencia, \u00e9tica, eficiencia y sobre todo humanidad.<\/p>\n<p>*Santo Domingo Este. \u2013* Con el objetivo de continuar garantizando el acceso a servicios m\u00e9dicos de calidad en las comunidades m\u00e1s necesitadas, el presidente Luis Abinader encabez\u00f3 este viernes la cuarta jornada del operativo m\u00e9dico \u201cM\u00e1s Salud y Bienestar\u201d, organizado por el Ministerio de Salud P\u00fablica en coordinaci\u00f3n con el Ayuntamiento de Santo Domingo Este.<\/p>\n<p>&nbsp;<\/p>\n<p>La iniciativa, que forma parte de las metas priorizadas en materia de salud, busca acercar servicios m\u00e9dicos preventivos a las comunidades, promover h\u00e1bitos saludables y detectar a tiempo enfermedades cr\u00f3nicas no transmisibles, como la hipertensi\u00f3n, la diabetes y afecciones cardiovasculares.<\/p>\n<p>&nbsp;<\/p>\n<p>En el acto, el ministro de Salud P\u00fablica, V\u00edctor Atallah, precis\u00f3 que con esta jornada se ofrecen servicios m\u00e9dicos gratuitos, de calidad y con calidez humana a cada comunitario de este Municipio y que la misma, no solo reduce el gasto de bolsillo, sino que impacta de forma directa en la calidad de vida de miles de familias.<\/p>\n<p>&nbsp;<\/p>\n<p>Invit\u00f3 a sectores aleda\u00f1os a participar activamente durante estos dos d\u00edas de jornada, donde los mun\u00edcipes tendr\u00e1n acceso a pruebas de detecci\u00f3n de c\u00e1ncer de mama y pr\u00f3stata, atenci\u00f3n oftalmol\u00f3gica, salud bucal y mental, chequeos dermatol\u00f3gicos, toma de presi\u00f3n arterial, glicemia, y muchos otros servicios.<\/p>\n<p>&nbsp;<\/p>\n<p>Indic\u00f3 que en este operativo se recogen datos y se conectan sus casos a los centros de primer nivel para darles seguimiento y se les crea el pasaporte saludable, con visa abierta a una salud continua y permanente, al tiempo que asegur\u00f3 que, M\u00e1s Salud seguir\u00e1 expandi\u00e9ndose por todo el pa\u00eds, para que el pueblo reciba cada d\u00eda las acciones de un gobierno que lo abraza y se ocupa de su salud.<\/p>\n<p>&nbsp;<\/p>\n<p>Destac\u00f3 que, desde el Ministerio han enfocado esfuerzos en fortalecer las capacidades del sistema nacional de salud, especialmente en los niveles de atenci\u00f3n primaria, promoci\u00f3n y prevenci\u00f3n, reconociendo que estos constituyen ejes estructurales de la salud p\u00fablica moderna.<\/p>\n<p>&nbsp;<\/p>\n<p>\u201cEsta visi\u00f3n se alinea plenamente con las directrices del excelent\u00edsimo se\u00f1or Presidente de la Rep\u00fablica, Luis Abinader, quien ha reiterado su compromiso con el bienestar de la poblaci\u00f3n mediante pol\u00edticas p\u00fablicas basadas en la equidad, la evidencia, \u00e9tica, eficiencia y sobre todo humanidad\u201d, afirm\u00f3 Atallah.<\/p>\n<p>&nbsp;<\/p>\n<p>*Logros alcanzados el \u00faltimo a\u00f1o para transformar sistema de salud en el pa\u00eds*<\/p>\n<p>&nbsp;<\/p>\n<p>El ministro de Salud P\u00fablica resalt\u00f3 como parte de los logros alcanzados durante el \u00faltimo a\u00f1o para transformar el sistema de salud en el pa\u00eds una Atenci\u00f3n Primaria Fortalecida con el Lanzamiento de la Alianza Nacional por la Atenci\u00f3n Primaria, primera en firmar con la Alianza de APS de las Am\u00e9ricas. Mediante esta integraci\u00f3n p\u00fablico-privada se busca mejorar el acceso, continuidad del cuidado y prevenci\u00f3n desde el primer nivel.<\/p>\n<p>&nbsp;<\/p>\n<p>Asimismo, Transformaci\u00f3n Digital que incluye: la implementaci\u00f3n de la historia cl\u00ednica electr\u00f3nica \u00fanica y carn\u00e9 digital, m\u00e1s de 50 centros integrados al Sistema Nacional de Interoperabilidad, lanzamiento de la Estrategia Nacional de Salud Digital 2024\u20132028, avance en automatizaci\u00f3n de servicios ministeriales, Datos Estrat\u00e9gicos para Pol\u00edticas P\u00fablicas, la Encuesta Nacional de Micronutrientes (ENM-24) para orientar acciones nutricionales y el Primer Censo Nacional de Recursos Humanos en Salud para planificaci\u00f3n y distribuci\u00f3n del personal.<\/p>\n<p>&nbsp;<\/p>\n<p>En cuanto a la Salud Materno-Infantil, destac\u00f3 la reducci\u00f3n del 18% en mortalidad materna, menor tasa de mortalidad infantil en una d\u00e9cada, aplicaci\u00f3n de Palivizumab en m\u00e1s de 2,000 ni\u00f1os de alto riesgo: cero muertes en ese grupo.<\/p>\n<p>&nbsp;<\/p>\n<p>Sobre las Enfermedades Infecciosas y Vigilancia Sanitaria sostuvo que existe un Diagn\u00f3stico molecular de tuberculosis con 90% de cobertura, fortalecimiento de vigilancia gen\u00f3mica y modernizaci\u00f3n del SINAVE, supervisi\u00f3n de m\u00e1s de 3,850 instituciones mediante REDCap y actualizaci\u00f3n del Cuadro B\u00e1sico de Medicamentos con 506 nuevos principios activos.<\/p>\n<p>&nbsp;<\/p>\n<p>En referencia a la atenci\u00f3n Oncol\u00f3gica y Medicamentos de Alto Costo, expuso que el pais ostenta un liderazgo regional en presupuesto, cobertura y acceso a medicamentos oncol\u00f3gicos. Asimismo, se ha logrado la inclusi\u00f3n de biosimilares y criterios de costo-efectividad y la expansi\u00f3n de programas de c\u00e1ncer infantil y adolescente.<\/p>\n<p>&nbsp;<\/p>\n<p>Al hablar de Turismo de Salud, indic\u00f3 que se ha creado el Sello de Calidad en Turismo de Salud para garantizar est\u00e1ndares de atenci\u00f3n.<\/p>\n<p>&nbsp;<\/p>\n<p>Inform\u00f3, que el pa\u00eds ha recibido diversos reconocimientos Internacionales, entre ellos: Premio Mundial en Excelencia Organizacional 2025 (World Hypertension League); NCDI Task Force Award 2024 (OMS); Reconocimiento ONU por Centro Nacional de Telemedicina en Salud Mental y Certificaci\u00f3n EMT-1 por OMS, primera en la historia del pa\u00eds.<\/p>\n<p>&nbsp;<\/p>\n<p>En cuanto al control del Dengue, explic\u00f3 que, con la Campa\u00f1a \u201c\u00a1Gan\u00e9mosle al Dengue!\u201d: se ha logrado la reducci\u00f3n de casos en 65.9% y mortalidad en m\u00e1s de 75% y un alcance a m\u00e1s de 1.5 millones de personas. Adem\u00e1s, con el Programa HEARTS han dado seguimiento a 282,000 pacientes, con proyecci\u00f3n de alcanzar 1.2 millones y se ha garantizado el uso de tratamientos modernos gratuitos, logrando as\u00ed el reconocimiento del pa\u00eds en septiembre pr\u00f3ximo como \u00abcampeones mundiales\u00bb en la Asamblea General de la ONU.<\/p>\n<p>&nbsp;<\/p>\n<p>Atallah destac\u00f3, adem\u00e1s, en infraestructura institucional la remodelaci\u00f3n del Instituto Nacional de Patolog\u00eda Forense, con capacidad cuadruplicada y la inauguraci\u00f3n de INTOXDOM, primer centro nacional para intoxicaciones.<\/p>\n<p>&nbsp;<\/p>\n<p>*Gobernar es servir a los que m\u00e1s lo necesitan*<\/p>\n<p>&nbsp;<\/p>\n<p>En tanto que, el alcalde de Santo Domingo Este, Dio Astacio, dijo que, hoy es un d\u00eda de esperanza y acci\u00f3n en este municipio y que la presencia del mandatario reafirma con hechos su compromiso con la salud y el bienestar de la gente. \u00abGobernar como nos lo ha mostrado el presidente Abinader es servir y servir a los que m\u00e1s lo necesitan\u00bb.<\/p>\n<p>&nbsp;<\/p>\n<p>La jornada se llev\u00f3 a cabo desde las 8:00 de la ma\u00f1ana hasta las 4:00 de la tarde en el Polit\u00e9cnico San Vicente de Pa\u00fal y se extender\u00e1 hasta este s\u00e1bado en el mismo horario. Se ofrecieron de manera gratuita una amplia variedad de consultas y servicios m\u00e9dicos que incluyeron consultas generales, entre ellos pediatr\u00eda, ginecolog\u00eda, odontolog\u00eda, medicina general, oftalmolog\u00eda, dermatolog\u00eda, cardiolog\u00eda, atenci\u00f3n a la salud mental, as\u00ed como ex\u00e1menes de pr\u00f3stata y pruebas PSA.<\/p>\n<p>&nbsp;<\/p>\n<p>Tambi\u00e9n, se brindaron servicios especializados como tipificaci\u00f3n y donaci\u00f3n de sangre, electrocardiogramas, mamograf\u00edas, sonomamograf\u00edas, sonograf\u00edas, an\u00e1lisis de laboratorio cl\u00ednico, carnetizaci\u00f3n con SENASA, entrega de medicamentos y vacunaci\u00f3n para perros y gatos.<\/p>\n<p>&nbsp;<\/p>\n<p>Adem\u00e1s, se desarrollaron diversas actividades educativas y comunitarias, incluyendo talleres de cocina saludable, tertulias con adultos mayores, encuentros con embarazadas, charlas sobre salud y capacitaciones en primeros auxilios. Todo esto bajo el lema: \u201cLa prevenci\u00f3n es la clave para una vida saludable\u201d.<\/p>\n<p>&nbsp;<\/p>\n<p>*M\u00e1s de 13,000 personas han sido beneficiadas*<\/p>\n<p>&nbsp;<\/p>\n<p>Desde el inicio de su implementaci\u00f3n en febrero pasado, el programa \u201cM\u00e1s Salud\u201d ha impactado de manera positiva a unas 13,614 personas en diferentes regiones del pa\u00eds promoviendo el acceso a servicios m\u00e9dicos especializados y de calidad. Las anteriores se llevaron a cabo en San Francisco de Macor\u00eds, San Juan de la Maguana y en el municipio de Hig\u00fcey, provincia La Altagracia.<\/p>\n<p>&nbsp;<\/p>\n<p>Estuvieron presentes el senador de la provincia Santo Domingo, Antonio Taveras; la representante de la OPS en Rep\u00fablica Dominicana, Alba Mar\u00eda Ropero \u00c1lvarez y el subdirector de Promesa\/Cal, Gilberto Santana.<img loading=\"lazy\" decoding=\"async\" class=\"size-medium wp-image-3358 alignright\" src=\"https:\/\/periodicolarepublica.com\/wp-content\/uploads\/2025\/05\/IMG-20250530-WA0614-300x258.jpg\" alt=\"\" width=\"300\" height=\"258\" srcset=\"https:\/\/periodicolarepublica.com\/wp-content\/uploads\/2025\/05\/IMG-20250530-WA0614-300x258.jpg?v=1748631361 300w, https:\/\/periodicolarepublica.com\/wp-content\/uploads\/2025\/05\/IMG-20250530-WA0614-1024x882.jpg?v=1748631361 1024w, https:\/\/periodicolarepublica.com\/wp-content\/uploads\/2025\/05\/IMG-20250530-WA0614-768x661.jpg?v=1748631361 768w, https:\/\/periodicolarepublica.com\/wp-content\/uploads\/2025\/05\/IMG-20250530-WA0614-1536x1323.jpg?v=1748631361 1536w, https:\/\/periodicolarepublica.com\/wp-content\/uploads\/2025\/05\/IMG-20250530-WA0614-150x129.jpg?v=1748631361 150w, https:\/\/periodicolarepublica.com\/wp-content\/uploads\/2025\/05\/IMG-20250530-WA0614-600x517.jpg?v=1748631361 600w, https:\/\/periodicolarepublica.com\/wp-content\/uploads\/2025\/05\/IMG-20250530-WA0614-696x599.jpg?v=1748631361 696w, https:\/\/periodicolarepublica.com\/wp-content\/uploads\/2025\/05\/IMG-20250530-WA0614-1392x1199.jpg?v=1748631361 1392w, https:\/\/periodicolarepublica.com\/wp-content\/uploads\/2025\/05\/IMG-20250530-WA0614-1068x920.jpg?v=1748631361 1068w, https:\/\/periodicolarepublica.com\/wp-content\/uploads\/2025\/05\/IMG-20250530-WA0614.jpg?v=1748631361 1600w\" sizes=\"auto, (max-width: 300px) 100vw, 300px\" \/><\/p>\n","protected":false},"excerpt":{"rendered":"<p>Ministro de Salud P\u00fablica, V\u00edctor Atallah, destaca presidente Abinader ha reiterado su compromiso con el bienestar de la poblaci\u00f3n mediante pol\u00edticas p\u00fablicas basadas en la equidad, la evidencia, \u00e9tica, eficiencia y sobre todo humanidad. *Santo Domingo Este. \u2013* Con el objetivo de continuar garantizando el acceso a servicios m\u00e9dicos de calidad en las comunidades m\u00e1s [&hellip;]<\/p>\n","protected":false},"author":10,"featured_media":3358,"comment_status":"open","ping_status":"open","sticky":false,"template":"","format":"standard","meta":{"om_disable_all_campaigns":false,"_monsterinsights_skip_tracking":false,"_monsterinsights_sitenote_active":false,"_monsterinsights_sitenote_note":"","_monsterinsights_sitenote_category":0,"footnotes":""},"categories":[1],"tags":[159],"class_list":{"0":"post-3357","1":"post","2":"type-post","3":"status-publish","4":"format-standard","5":"has-post-thumbnail","7":"category-nacionales","8":"tag-ministro-de-salud-publica-victor-atallah"},"aioseo_notices":[],"_links":{"self":[{"href":"https:\/\/periodicolarepublica.com\/index.php\/wp-json\/wp\/v2\/posts\/3357","targetHints":{"allow":["GET"]}}],"collection":[{"href":"https:\/\/periodicolarepublica.com\/index.php\/wp-json\/wp\/v2\/posts"}],"about":[{"href":"https:\/\/periodicolarepublica.com\/index.php\/wp-json\/wp\/v2\/types\/post"}],"author":[{"embeddable":true,"href":"https:\/\/periodicolarepublica.com\/index.php\/wp-json\/wp\/v2\/users\/10"}],"replies":[{"embeddable":true,"href":"https:\/\/periodicolarepublica.com\/index.php\/wp-json\/wp\/v2\/comments?post=3357"}],"version-history":[{"count":1,"href":"https:\/\/periodicolarepublica.com\/index.php\/wp-json\/wp\/v2\/posts\/3357\/revisions"}],"predecessor-version":[{"id":3359,"href":"https:\/\/periodicolarepublica.com\/index.php\/wp-json\/wp\/v2\/posts\/3357\/revisions\/3359"}],"wp:featuredmedia":[{"embeddable":true,"href":"https:\/\/periodicolarepublica.com\/index.php\/wp-json\/wp\/v2\/media\/3358"}],"wp:attachment":[{"href":"https:\/\/periodicolarepublica.com\/index.php\/wp-json\/wp\/v2\/media?parent=3357"}],"wp:term":[{"taxonomy":"category","embeddable":true,"href":"https:\/\/periodicolarepublica.com\/index.php\/wp-json\/wp\/v2\/categories?post=3357"},{"taxonomy":"post_tag","embeddable":true,"href":"https:\/\/periodicolarepublica.com\/index.php\/wp-json\/wp\/v2\/tags?post=3357"}],"curies":[{"name":"wp","href":"https:\/\/api.w.org\/{rel}","templated":true}]}}