{"id":3360,"date":"2025-05-30T23:57:38","date_gmt":"2025-05-30T21:57:38","guid":{"rendered":"https:\/\/periodicolarepublica.com\/?p=3360"},"modified":"2025-05-30T23:57:38","modified_gmt":"2025-05-30T21:57:38","slug":"edeeste-realizara-mantenimiento-preventivo-este-domingo-en-gascue-don-bosco-y-miraflores","status":"publish","type":"post","link":"https:\/\/periodicolarepublica.com\/index.php\/2025\/05\/30\/edeeste-realizara-mantenimiento-preventivo-este-domingo-en-gascue-don-bosco-y-miraflores\/","title":{"rendered":"EDEEste realizar\u00e1 mantenimiento preventivo este domingo en Gascue, Don Bosco y Miraflores"},"content":{"rendered":"<p>Estas labores est\u00e1n programadas en horario de 8:20 a. m. a 2:20 p. m.<\/p>\n<p>La Empresa Distribuidora de Electricidad del Este (EDEEste) informa que el pr\u00f3ximo domingo 1 de junio de 2025, estar\u00e1 ejecutando trabajos de mantenimiento preventivo en los circuitos CNP804 y CNP805, como parte de su compromiso con la mejora continua de la calidad del servicio el\u00e9ctrico.<\/p>\n<p>Estas labores est\u00e1n programadas en horario de 8:20 a. m. a 2:20 p. m., y abarcar\u00e1n los sectores de Don Bosco, Gascue y Miraflores, en el Distrito Nacional.<\/p>\n<p>Los trabajos incluir\u00e1n la poda de vegetaci\u00f3n cercana a las l\u00edneas de distribuci\u00f3n, la sustituci\u00f3n de postes, el cambio de aisladores y la normalizaci\u00f3n de elementos de la red, todo con el fin de fortalecer la infraestructura el\u00e9ctrica y garantizar mayor estabilidad en el servicio.<\/p>\n<p>Dada la alta congesti\u00f3n vehicular y peatonal que caracteriza estas zonas durante los d\u00edas laborables, las labores han sido programadas para el fin de semana, con el objetivo de minimizar las molestias a los clientes y a la circulaci\u00f3n.<\/p>\n<p>Asimismo, estas acciones forman parte del plan de reforzamiento del servicio el\u00e9ctrico en preparaci\u00f3n para la temporada cicl\u00f3nica, que inicia este 1 de junio.<\/p>\n<p>Para m\u00e1s informaci\u00f3n, los clientes pueden consultar nuestras redes sociales oficiales o comunicarse con nuestro Centro de Atenci\u00f3n al Cliente a trav\u00e9s del n\u00famero 809-596-1099. EDEEste agradece la comprensi\u00f3n y colaboraci\u00f3n de todos durante el desarrollo de estos trabajos esenciales para el fortalecimiento del sistema el\u00e9ctrico.<img loading=\"lazy\" decoding=\"async\" class=\"size-medium wp-image-3361 alignright\" src=\"https:\/\/periodicolarepublica.com\/wp-content\/uploads\/2025\/05\/IMG-20250530-WA0764-300x169.jpg\" alt=\"\" width=\"300\" height=\"169\" \/><\/p>\n","protected":false},"excerpt":{"rendered":"<p>Estas labores est\u00e1n programadas en horario de 8:20 a. m. a 2:20 p. m. La Empresa Distribuidora de Electricidad del Este (EDEEste) informa que el pr\u00f3ximo domingo 1 de junio de 2025, estar\u00e1 ejecutando trabajos de mantenimiento preventivo en los circuitos CNP804 y CNP805, como parte de su compromiso con la mejora continua de la [&hellip;]<\/p>\n","protected":false},"author":10,"featured_media":0,"comment_status":"open","ping_status":"open","sticky":false,"template":"","format":"standard","meta":{"om_disable_all_campaigns":false,"_monsterinsights_skip_tracking":false,"_monsterinsights_sitenote_active":false,"_monsterinsights_sitenote_note":"","_monsterinsights_sitenote_category":0,"footnotes":""},"categories":[1],"tags":[],"class_list":{"0":"post-3360","1":"post","2":"type-post","3":"status-publish","4":"format-standard","6":"category-nacionales"},"aioseo_notices":[],"_links":{"self":[{"href":"https:\/\/periodicolarepublica.com\/index.php\/wp-json\/wp\/v2\/posts\/3360","targetHints":{"allow":["GET"]}}],"collection":[{"href":"https:\/\/periodicolarepublica.com\/index.php\/wp-json\/wp\/v2\/posts"}],"about":[{"href":"https:\/\/periodicolarepublica.com\/index.php\/wp-json\/wp\/v2\/types\/post"}],"author":[{"embeddable":true,"href":"https:\/\/periodicolarepublica.com\/index.php\/wp-json\/wp\/v2\/users\/10"}],"replies":[{"embeddable":true,"href":"https:\/\/periodicolarepublica.com\/index.php\/wp-json\/wp\/v2\/comments?post=3360"}],"version-history":[{"count":1,"href":"https:\/\/periodicolarepublica.com\/index.php\/wp-json\/wp\/v2\/posts\/3360\/revisions"}],"predecessor-version":[{"id":3362,"href":"https:\/\/periodicolarepublica.com\/index.php\/wp-json\/wp\/v2\/posts\/3360\/revisions\/3362"}],"wp:attachment":[{"href":"https:\/\/periodicolarepublica.com\/index.php\/wp-json\/wp\/v2\/media?parent=3360"}],"wp:term":[{"taxonomy":"category","embeddable":true,"href":"https:\/\/periodicolarepublica.com\/index.php\/wp-json\/wp\/v2\/categories?post=3360"},{"taxonomy":"post_tag","embeddable":true,"href":"https:\/\/periodicolarepublica.com\/index.php\/wp-json\/wp\/v2\/tags?post=3360"}],"curies":[{"name":"wp","href":"https:\/\/api.w.org\/{rel}","templated":true}]}}