{"id":3365,"date":"2025-05-31T16:16:48","date_gmt":"2025-05-31T14:16:48","guid":{"rendered":"https:\/\/periodicolarepublica.com\/?p=3365"},"modified":"2025-05-31T16:16:48","modified_gmt":"2025-05-31T14:16:48","slug":"tomas-hernandez-alberto-destaca-la-extraordinaria-gestion-agricola-del-presidente-luis-abinader","status":"publish","type":"post","link":"https:\/\/periodicolarepublica.com\/index.php\/2025\/05\/31\/tomas-hernandez-alberto-destaca-la-extraordinaria-gestion-agricola-del-presidente-luis-abinader\/","title":{"rendered":"Tom\u00e1s Hern\u00e1ndez Alberto destaca la extraordinaria gesti\u00f3n agr\u00edcola del presidente Luis Abinader"},"content":{"rendered":"<p>Santo Domingo, R.D. \u2013 El ingeniero agr\u00f3nomo y abogado Tom\u00e1s Hern\u00e1ndez Alberto elogi\u00f3 enf\u00e1ticamente la gesti\u00f3n del presidente Luis Abinader en el \u00e1rea agropecuaria durante su participaci\u00f3n en el programa Agenda Semanal, que se transmite por el Canal 27 RNN. Hern\u00e1ndez Alberto afirm\u00f3 que, a pesar de provenir de una formaci\u00f3n empresarial, Abinader ha demostrado una visi\u00f3n excepcional y estrat\u00e9gica en beneficio del sector agr\u00edcola nacional.<\/p>\n<p>&nbsp;<\/p>\n<p>Durante la entrevista, Hern\u00e1ndez destac\u00f3 que resulta extraordinario que un presidente con una trayectoria empresarial como Abinader haya logrado tan notables avances en agricultura. \u201cLo normal era que presidentes como don Antonio Guzm\u00e1n o Hip\u00f3lito Mej\u00eda fueran buenos en agricultura por su formaci\u00f3n, pero lo que ha hecho Luis es admirable, porque ha visto el sector desde una \u00f3ptica econ\u00f3mica clave, como instrumento de desarrollo y bienestar social\u201d, expres\u00f3.<\/p>\n<p>&nbsp;<\/p>\n<p>El tambi\u00e9n exfuncionario de gobiernos anteriores explic\u00f3 que el enfoque del presidente Abinader ha sido integral y basado en resultados. \u201cLuis no solo ha comprendido el valor estrat\u00e9gico de la agricultura, sino que ha invertido recursos hist\u00f3ricos para su desarrollo. Por ejemplo, al Banco Agr\u00edcola se le han asignado m\u00e1s de 23 mil millones de pesos en los primeros a\u00f1os de gesti\u00f3n, algo sin precedentes\u201d, se\u00f1al\u00f3.<\/p>\n<p>&nbsp;<\/p>\n<p>Hern\u00e1ndez, quien fue parte de administraciones pasadas en el \u00e1rea agropecuaria, record\u00f3 que en tiempos anteriores el Banco Agr\u00edcola operaba con escasos fondos. \u201cEn mi \u00e9poca, enfrentamos situaciones con apenas 10 millones de pesos cuando el presupuesto era de 150 millones. Era una batalla constante. Hoy la realidad es distinta gracias al respaldo decidido del gobierno actual\u201d, a\u00f1adi\u00f3.<\/p>\n<p>&nbsp;<\/p>\n<p>Adem\u00e1s, resalt\u00f3 que nunca antes se hab\u00eda logrado una producci\u00f3n agr\u00edcola capaz de abastecer simult\u00e1neamente a los m\u00e1s de 10 millones de habitantes del pa\u00eds, a millones de turistas y a una considerable demanda proveniente de Hait\u00ed, principal socio comercial de productos agr\u00edcolas dominicanos. \u201cEsa capacidad productiva no es casualidad, es fruto de pol\u00edticas coherentes\u201d, afirm\u00f3.<\/p>\n<p>&nbsp;<\/p>\n<p>En otro orden, Tom\u00e1s Hern\u00e1ndez Alberto se refiri\u00f3 al proceso pol\u00edtico interno y valor\u00f3 a todos los precandidatos como \u201ccompa\u00f1eros y compa\u00f1eras muy valiosos\u201d. No obstante, hizo un llamado a la unidad del oficialismo, asegurando que el foco principal debe estar en consolidar los logros del presidente Abinader y trabajar por una gesti\u00f3n a\u00fan mejor en este segundo per\u00edodo.<\/p>\n<p>&nbsp;<\/p>\n<p>\u201cEl verdadero \u00e9xito est\u00e1 en mantenernos unidos, fortaleciendo lo que hemos construido, defendiendo la estabilidad y el desarrollo que este gobierno ha proporcionado a nuestro pa\u00eds\u201d, subray\u00f3, al tiempo que exhort\u00f3 a no dejarse distraer por luchas internas o intereses particulares.<\/p>\n<p>&nbsp;<\/p>\n<p>Durante la entrevista, tambi\u00e9n habl\u00f3 del movimiento pol\u00edtico que lidera, Poder pa\u2019l Pueblo, destacando que naci\u00f3 con el prop\u00f3sito de respaldar firmemente al presidente Luis Abinader. \u201cNuestro objetivo ha sido claro desde el inicio: salir a las calles, defender y promover la gran gesti\u00f3n de un presidente comprometido con su pueblo\u201d, puntualiz\u00f3.<\/p>\n<p>&nbsp;<\/p>\n<p>Hern\u00e1ndez concluy\u00f3 reafirmando el compromiso de su movimiento con el actual gobierno, declarando que \u201cLuis Abinader no est\u00e1 ni estar\u00e1 solo. Cuando la oposici\u00f3n quiso desmeritar una gesti\u00f3n hist\u00f3rica, nosotros salimos a respaldarla. Seguimos firmes y nuestro lema es claro: con Luis Abinader y el PRM, el pueblo sigue avanzando\u201d.<img loading=\"lazy\" decoding=\"async\" class=\"size-medium wp-image-1804 alignright\" src=\"https:\/\/periodicolarepublica.com\/wp-content\/uploads\/2024\/10\/IMG-20240525-WA0100-300x200.jpg\" alt=\"\" width=\"300\" height=\"200\" srcset=\"https:\/\/periodicolarepublica.com\/wp-content\/uploads\/2024\/10\/IMG-20240525-WA0100-300x200.jpg?v=1727804560 300w, https:\/\/periodicolarepublica.com\/wp-content\/uploads\/2024\/10\/IMG-20240525-WA0100-1024x682.jpg?v=1727804560 1024w, https:\/\/periodicolarepublica.com\/wp-content\/uploads\/2024\/10\/IMG-20240525-WA0100-768x511.jpg?v=1727804560 768w, https:\/\/periodicolarepublica.com\/wp-content\/uploads\/2024\/10\/IMG-20240525-WA0100-150x100.jpg?v=1727804560 150w, https:\/\/periodicolarepublica.com\/wp-content\/uploads\/2024\/10\/IMG-20240525-WA0100-600x399.jpg?v=1727804560 600w, https:\/\/periodicolarepublica.com\/wp-content\/uploads\/2024\/10\/IMG-20240525-WA0100-696x463.jpg?v=1727804560 696w, https:\/\/periodicolarepublica.com\/wp-content\/uploads\/2024\/10\/IMG-20240525-WA0100-1068x711.jpg?v=1727804560 1068w, https:\/\/periodicolarepublica.com\/wp-content\/uploads\/2024\/10\/IMG-20240525-WA0100.jpg?v=1727804560 1080w\" sizes=\"auto, (max-width: 300px) 100vw, 300px\" \/><\/p>\n","protected":false},"excerpt":{"rendered":"<p>Santo Domingo, R.D. \u2013 El ingeniero agr\u00f3nomo y abogado Tom\u00e1s Hern\u00e1ndez Alberto elogi\u00f3 enf\u00e1ticamente la gesti\u00f3n del presidente Luis Abinader en el \u00e1rea agropecuaria durante su participaci\u00f3n en el programa Agenda Semanal, que se transmite por el Canal 27 RNN. Hern\u00e1ndez Alberto afirm\u00f3 que, a pesar de provenir de una formaci\u00f3n empresarial, Abinader ha demostrado [&hellip;]<\/p>\n","protected":false},"author":10,"featured_media":1804,"comment_status":"open","ping_status":"open","sticky":false,"template":"","format":"standard","meta":{"om_disable_all_campaigns":false,"_monsterinsights_skip_tracking":false,"_monsterinsights_sitenote_active":false,"_monsterinsights_sitenote_note":"","_monsterinsights_sitenote_category":0,"footnotes":""},"categories":[1],"tags":[163],"class_list":{"0":"post-3365","1":"post","2":"type-post","3":"status-publish","4":"format-standard","5":"has-post-thumbnail","7":"category-nacionales","8":"tag-tomas-hernandez-alberto"},"aioseo_notices":[],"_links":{"self":[{"href":"https:\/\/periodicolarepublica.com\/index.php\/wp-json\/wp\/v2\/posts\/3365","targetHints":{"allow":["GET"]}}],"collection":[{"href":"https:\/\/periodicolarepublica.com\/index.php\/wp-json\/wp\/v2\/posts"}],"about":[{"href":"https:\/\/periodicolarepublica.com\/index.php\/wp-json\/wp\/v2\/types\/post"}],"author":[{"embeddable":true,"href":"https:\/\/periodicolarepublica.com\/index.php\/wp-json\/wp\/v2\/users\/10"}],"replies":[{"embeddable":true,"href":"https:\/\/periodicolarepublica.com\/index.php\/wp-json\/wp\/v2\/comments?post=3365"}],"version-history":[{"count":1,"href":"https:\/\/periodicolarepublica.com\/index.php\/wp-json\/wp\/v2\/posts\/3365\/revisions"}],"predecessor-version":[{"id":3366,"href":"https:\/\/periodicolarepublica.com\/index.php\/wp-json\/wp\/v2\/posts\/3365\/revisions\/3366"}],"wp:featuredmedia":[{"embeddable":true,"href":"https:\/\/periodicolarepublica.com\/index.php\/wp-json\/wp\/v2\/media\/1804"}],"wp:attachment":[{"href":"https:\/\/periodicolarepublica.com\/index.php\/wp-json\/wp\/v2\/media?parent=3365"}],"wp:term":[{"taxonomy":"category","embeddable":true,"href":"https:\/\/periodicolarepublica.com\/index.php\/wp-json\/wp\/v2\/categories?post=3365"},{"taxonomy":"post_tag","embeddable":true,"href":"https:\/\/periodicolarepublica.com\/index.php\/wp-json\/wp\/v2\/tags?post=3365"}],"curies":[{"name":"wp","href":"https:\/\/api.w.org\/{rel}","templated":true}]}}